{"id":15126,"date":"2015-02-04T02:13:40","date_gmt":"2015-02-04T05:13:40","guid":{"rendered":"http:\/\/notinor.com\/jujuy\/?p=15126"},"modified":"2015-02-04T02:13:40","modified_gmt":"2015-02-04T05:13:40","slug":"festejo-de-compadres-en-purmamarca","status":"publish","type":"post","link":"https:\/\/notinor.com\/jujuy\/festejo-de-compadres-en-purmamarca\/","title":{"rendered":"Festejo de Compadres en Purmamarca"},"content":{"rendered":"<p>A d\u00edas del carnaval, es el turno de los compadres quienes saldr\u00e1n a festejar su d\u00eda junto a los cerros de colores.<\/p>\n<p>Purmamarca recibe a los compadres junto a la agrupaci\u00f3n Los corazones Alegres a partir de las 13 horas con el almuerzo y en horas de la tarde al pie del cerro de 7 colores se proceder\u00e1 a chayar el moj\u00f3n.<\/p>\n<p><a href=\"http:\/\/notinor.com\/jujuy\/wp-content\/uploads\/2015\/02\/20140220_174123.jpg\"><img decoding=\"async\" loading=\"lazy\" class=\"alignnone  wp-image-15018\" src=\"http:\/\/notinor.com\/jujuy\/wp-content\/uploads\/2015\/02\/20140220_174123.jpg\" alt=\"20140220_174123\" width=\"549\" height=\"412\" srcset=\"https:\/\/notinor.com\/jujuy\/wp-content\/uploads\/2015\/02\/20140220_174123.jpg 900w, https:\/\/notinor.com\/jujuy\/wp-content\/uploads\/2015\/02\/20140220_174123-300x225.jpg 300w\" sizes=\"(max-width: 549px) 100vw, 549px\" \/><\/a><\/p>\n","protected":false},"excerpt":{"rendered":"<p>A d\u00edas del carnaval, es el turno de los compadres quienes saldr\u00e1n a festejar su d\u00eda junto a los cerros de colores. Purmamarca recibe a los compadres junto a la agrupaci\u00f3n Los corazones Alegres a partir de las 13 horas con el almuerzo y en horas de la tarde al pie del cerro de 7 [&hellip;]<\/p>\n","protected":false},"author":1,"featured_media":15127,"comment_status":"open","ping_status":"open","sticky":false,"template":"","format":"standard","meta":{"_stopmodifiedupdate":false,"_modified_date":"","inline_featured_image":false},"categories":[21],"tags":[],"jetpack_featured_media_url":"https:\/\/notinor.com\/jujuy\/wp-content\/uploads\/2015\/02\/20140220_174921.jpg","_links":{"self":[{"href":"https:\/\/notinor.com\/jujuy\/wp-json\/wp\/v2\/posts\/15126"}],"collection":[{"href":"https:\/\/notinor.com\/jujuy\/wp-json\/wp\/v2\/posts"}],"about":[{"href":"https:\/\/notinor.com\/jujuy\/wp-json\/wp\/v2\/types\/post"}],"author":[{"embeddable":true,"href":"https:\/\/notinor.com\/jujuy\/wp-json\/wp\/v2\/users\/1"}],"replies":[{"embeddable":true,"href":"https:\/\/notinor.com\/jujuy\/wp-json\/wp\/v2\/comments?post=15126"}],"version-history":[{"count":1,"href":"https:\/\/notinor.com\/jujuy\/wp-json\/wp\/v2\/posts\/15126\/revisions"}],"predecessor-version":[{"id":15128,"href":"https:\/\/notinor.com\/jujuy\/wp-json\/wp\/v2\/posts\/15126\/revisions\/15128"}],"wp:featuredmedia":[{"embeddable":true,"href":"https:\/\/notinor.com\/jujuy\/wp-json\/wp\/v2\/media\/15127"}],"wp:attachment":[{"href":"https:\/\/notinor.com\/jujuy\/wp-json\/wp\/v2\/media?parent=15126"}],"wp:term":[{"taxonomy":"category","embeddable":true,"href":"https:\/\/notinor.com\/jujuy\/wp-json\/wp\/v2\/categories?post=15126"},{"taxonomy":"post_tag","embeddable":true,"href":"https:\/\/notinor.com\/jujuy\/wp-json\/wp\/v2\/tags?post=15126"}],"curies":[{"name":"wp","href":"https:\/\/api.w.org\/{rel}","templated":true}]}}