{"id":15123,"date":"2015-02-04T02:02:31","date_gmt":"2015-02-04T05:02:31","guid":{"rendered":"http:\/\/notinor.com\/jujuy\/?p=15123"},"modified":"2015-02-04T02:02:31","modified_gmt":"2015-02-04T05:02:31","slug":"iniciaron-clases-de-apoyo-en-la-direccion-de-politicas-publicas-adolescencia-y-juventud","status":"publish","type":"post","link":"https:\/\/notinor.com\/jujuy\/iniciaron-clases-de-apoyo-en-la-direccion-de-politicas-publicas-adolescencia-y-juventud\/","title":{"rendered":"Iniciaron clases de apoyo en la Direcci\u00f3n de pol\u00edticas p\u00fablicas, adolescencia y juventud"},"content":{"rendered":"<p>Estudiantes universitarios nucleados en la Direcci\u00f3n de Pol\u00edticas P\u00fablicas Adolescencia y Juventud de la Municipalidad de San Salvador de Jujuy, desde ayer comenzaron a dictar clases de apoyo a alumnos de bajos recursos del nivel medio que tengan materias a rendir en el presente ciclo lectivo, por lo que los interesados deber\u00e1n dirigirse a las instalaciones de la Direcci\u00f3n de Educaci\u00f3n de la Municipalidad, ubicada en calle Iriarte 352 del barrio Gorriti, de 9 a 12.30 hs.<\/p>\n<p>&nbsp;<\/p>\n<p>Mat\u00edas Rivera, titular de Pol\u00edticas P\u00fablicas Adolescencia y Juventud, confirm\u00f3 que \u201cesta semana comenzamos con las clases de apoyo a estudiantes del nivel medio, tambi\u00e9n apostando a distintas pol\u00edticas que tiene que ver con la recreaci\u00f3n y por otro lado a la formaci\u00f3n de nuestros j\u00f3venes\u201d.<\/p>\n<p>&nbsp;<\/p>\n<p>Aclar\u00f3 asimismo Rivera que, \u201cel apoyo escolar a adolescentes del nivel medio, es para aquellos chicos provenientes de familias que no cuentan con recursos para ser preparado por profesores en forma particular para poder rendir\u201d.<\/p>\n<p>&nbsp;<\/p>\n<p>\u201cDesde esta Direcci\u00f3n estamos contribuyendo a la econom\u00eda familiar, en funci\u00f3n en que puedan seguir estudiando los chicos y que terminen su educaci\u00f3n para que puedan acceder a los estudios universitarios\u201d, agreg\u00f3.<\/p>\n<p>&nbsp;<\/p>\n<p>Inform\u00f3 Rivera que, \u201chemos recibido a los j\u00f3venes de la Federaci\u00f3n Universitaria Argentina el \u00faltimo fin de semana y hemos dialogado de qu\u00e9 manera desde las \u00e1reas gubernamentales del municipio podemos contribuir a que se vayan incorporando a las universidades y distintas facultades que tiene de oferta educativa la provincia\u201d.<\/p>\n<p>&nbsp;<\/p>\n","protected":false},"excerpt":{"rendered":"<p>Estudiantes universitarios nucleados en la Direcci\u00f3n de Pol\u00edticas P\u00fablicas Adolescencia y Juventud de la Municipalidad de San Salvador de Jujuy, desde ayer comenzaron a dictar clases de apoyo a alumnos de bajos recursos del nivel medio que tengan materias a rendir en el presente ciclo lectivo, por lo que los interesados deber\u00e1n dirigirse a las [&hellip;]<\/p>\n","protected":false},"author":1,"featured_media":15124,"comment_status":"open","ping_status":"open","sticky":false,"template":"","format":"standard","meta":{"_stopmodifiedupdate":false,"_modified_date":"","inline_featured_image":false},"categories":[2],"tags":[],"jetpack_featured_media_url":"https:\/\/notinor.com\/jujuy\/wp-content\/uploads\/2015\/02\/matias-rivero.jpg","_links":{"self":[{"href":"https:\/\/notinor.com\/jujuy\/wp-json\/wp\/v2\/posts\/15123"}],"collection":[{"href":"https:\/\/notinor.com\/jujuy\/wp-json\/wp\/v2\/posts"}],"about":[{"href":"https:\/\/notinor.com\/jujuy\/wp-json\/wp\/v2\/types\/post"}],"author":[{"embeddable":true,"href":"https:\/\/notinor.com\/jujuy\/wp-json\/wp\/v2\/users\/1"}],"replies":[{"embeddable":true,"href":"https:\/\/notinor.com\/jujuy\/wp-json\/wp\/v2\/comments?post=15123"}],"version-history":[{"count":1,"href":"https:\/\/notinor.com\/jujuy\/wp-json\/wp\/v2\/posts\/15123\/revisions"}],"predecessor-version":[{"id":15125,"href":"https:\/\/notinor.com\/jujuy\/wp-json\/wp\/v2\/posts\/15123\/revisions\/15125"}],"wp:featuredmedia":[{"embeddable":true,"href":"https:\/\/notinor.com\/jujuy\/wp-json\/wp\/v2\/media\/15124"}],"wp:attachment":[{"href":"https:\/\/notinor.com\/jujuy\/wp-json\/wp\/v2\/media?parent=15123"}],"wp:term":[{"taxonomy":"category","embeddable":true,"href":"https:\/\/notinor.com\/jujuy\/wp-json\/wp\/v2\/categories?post=15123"},{"taxonomy":"post_tag","embeddable":true,"href":"https:\/\/notinor.com\/jujuy\/wp-json\/wp\/v2\/tags?post=15123"}],"curies":[{"name":"wp","href":"https:\/\/api.w.org\/{rel}","templated":true}]}}