{"id":15120,"date":"2015-02-04T01:48:29","date_gmt":"2015-02-04T04:48:29","guid":{"rendered":"http:\/\/notinor.com\/jujuy\/?p=15120"},"modified":"2015-02-04T01:48:29","modified_gmt":"2015-02-04T04:48:29","slug":"buena-respuesta-al-servicio-de-transporte-para-personas-con-discapacidad-y-movilidad-reducida","status":"publish","type":"post","link":"https:\/\/notinor.com\/jujuy\/buena-respuesta-al-servicio-de-transporte-para-personas-con-discapacidad-y-movilidad-reducida\/","title":{"rendered":"Buena respuesta al servicio de transporte para personas con discapacidad y movilidad reducida"},"content":{"rendered":"<p>La Secretaria de Desarrollo Humano de la Municipalidad de San Salvador de Jujuy, profesora Mar\u00eda Teresa Ferr\u00edn de Ramos, ponder\u00f3 el servicio de transporte para personas con discapacidad o movilidad reducida, implementado por decisi\u00f3n del Intendente \u201cChuli\u201d Jorge, y destac\u00f3 que \u201ca diferencia de los remises o taxis-amarillos, son veh\u00edculos acondicionados o preparados para el transporte de la silla de ruedas y ch\u00f3feres capacitados en el trato de personas con discapacidad o abuelos con problemas motrices o movilidad reducida\u201d.<\/p>\n<p>&nbsp;<\/p>\n<p>Record\u00f3 Ferr\u00edn que, \u201cel servicio de transporte para personas con discapacidad motora o movilidad reducida temporal o permanente en unidad accesible, \u00a0se ha puesto en funcionamiento hace muy poco tiempo y que da cumplimiento a la Ordenanza 6564\/13, esta ordenanza, para conocimiento de la gente, surgi\u00f3 por pedido de la comunidad, sobre todos de aquellas personas que se manejan sobre silla de ruedas y que habitualmente utilizaban el transporte de remises o radio llamadas con la dificulta que ten\u00edan para entrar al veh\u00edculo y cargar la silla de ruedas\u201d.<\/p>\n<p>&nbsp;<\/p>\n<p>\u201cEsta inquietud \u2013continu\u00f3-, fue receptada por los concejales de San Salvador de Jujuy y de all\u00ed el surgimiento de esta Ordenanza, la cual indica a este servicio alternativo \u201cunidad accesible\u201d\u00a0 y que ha sido puesta en funcionamiento luego de un llamado a licitaci\u00f3n p\u00fablica, donde concurrieron muchos oferentes y se los adjudic\u00f3 a quienes brindaban mayor capacidad y garant\u00edas.<\/p>\n<p>&nbsp;<\/p>\n<p>Precis\u00f3 la funcionaria que, \u201ces un sistema de radio llamadas al igual que los remises o los taxis-amarillos, por lo que tiene el costo de bajada de bandera de $ 7,00 en horario diurnos y $ 07,0 por cien metros y en los\u00a0 horarios nocturno (despu\u00e9s de las Hs. 23) y s\u00e1bado y feriados la bajada de bandera $ 8, y $ 0,80 la ficha por cien metros\u201d.<\/p>\n<p>&nbsp;<\/p>\n<p>Aclar\u00f3 luego que, \u201cla diferencia con un taxi com\u00fan, es el llamado a licitaci\u00f3n y la preparaci\u00f3n del veh\u00edculo para que se pueda transportar la silla de ruedas, esto llev\u00f3 tambi\u00e9n y se hizo desde la Direcci\u00f3n de Ni\u00f1ez, Adolescencia y Familia, que es responsable del programa de Inclusi\u00f3n de personas con discapacidad; una capacitaci\u00f3n especial a los ch\u00f3feres, \u00a0porque las personas que conducen estas unidades accesibles cuando se tratar de personas con silla de ruedas, deben acondicionar el veh\u00edculo, bajar las rampas, ayudar a subir la silla y ubicar a la personas en condiciones y reci\u00e9n comenzar el transporte.<\/p>\n<p>&nbsp;<\/p>\n<p>Este servicio es de suma importancia, ya que busca al pasajero en su casa y \u00a0lo deja en el destino e inclusive muchos de ellos asisten a rehabilitaci\u00f3n y solicitan que el mismo chofer lo retire a tal hora as\u00ed que es muy importante\u201d.<\/p>\n<p>&nbsp;<\/p>\n<p>\u201cVale aclarar que el servicio no est\u00e1 limitado para personas en silla de ruedas, sino como la misma ordenanza lo dice, el servicio est\u00e1 disponible para personas con discapacidad motora o bien movilidad reducida, esto incluye a un abuelo que le cueste caminar, una mujer embarazada o una mam\u00e1 con su mujer en cochecito, etc., es para todos ellos\u201d, acot\u00f3.<\/p>\n<p>&nbsp;<\/p>\n<p>Finalmente dijo Ferr\u00edn que, \u201ces una muy buena alternativa que est\u00e1 disponible en para la comunidad, sin embargo, las personas con discapacidad que decidan seguir utilizando el transporte p\u00fablico de pasajeros puede hacer uso de pases libres que otorga la Municipalidad a trav\u00e9s de la Direcci\u00f3n de Asistencia Directa, ya que son casi 5000 las personas con discapacidad que viajan en forma gratuita en los colectivos, as\u00ed como tambi\u00e9n, m\u00e1s de 4000 las personas adultas mayores de 70 a\u00f1os que viajan gratuitamente y 40 veteranos de guerra\u201d.<\/p>\n","protected":false},"excerpt":{"rendered":"<p>La Secretaria de Desarrollo Humano de la Municipalidad de San Salvador de Jujuy, profesora Mar\u00eda Teresa Ferr\u00edn de Ramos, ponder\u00f3 el servicio de transporte para personas con discapacidad o movilidad reducida, implementado por decisi\u00f3n del Intendente \u201cChuli\u201d Jorge, y destac\u00f3 que \u201ca diferencia de los remises o taxis-amarillos, son veh\u00edculos acondicionados o preparados para el [&hellip;]<\/p>\n","protected":false},"author":1,"featured_media":15121,"comment_status":"open","ping_status":"open","sticky":false,"template":"","format":"standard","meta":{"_stopmodifiedupdate":false,"_modified_date":"","inline_featured_image":false},"categories":[2],"tags":[],"jetpack_featured_media_url":"https:\/\/notinor.com\/jujuy\/wp-content\/uploads\/2015\/02\/1-Transporte-personas-con-discapacidad.jpg","_links":{"self":[{"href":"https:\/\/notinor.com\/jujuy\/wp-json\/wp\/v2\/posts\/15120"}],"collection":[{"href":"https:\/\/notinor.com\/jujuy\/wp-json\/wp\/v2\/posts"}],"about":[{"href":"https:\/\/notinor.com\/jujuy\/wp-json\/wp\/v2\/types\/post"}],"author":[{"embeddable":true,"href":"https:\/\/notinor.com\/jujuy\/wp-json\/wp\/v2\/users\/1"}],"replies":[{"embeddable":true,"href":"https:\/\/notinor.com\/jujuy\/wp-json\/wp\/v2\/comments?post=15120"}],"version-history":[{"count":1,"href":"https:\/\/notinor.com\/jujuy\/wp-json\/wp\/v2\/posts\/15120\/revisions"}],"predecessor-version":[{"id":15122,"href":"https:\/\/notinor.com\/jujuy\/wp-json\/wp\/v2\/posts\/15120\/revisions\/15122"}],"wp:featuredmedia":[{"embeddable":true,"href":"https:\/\/notinor.com\/jujuy\/wp-json\/wp\/v2\/media\/15121"}],"wp:attachment":[{"href":"https:\/\/notinor.com\/jujuy\/wp-json\/wp\/v2\/media?parent=15120"}],"wp:term":[{"taxonomy":"category","embeddable":true,"href":"https:\/\/notinor.com\/jujuy\/wp-json\/wp\/v2\/categories?post=15120"},{"taxonomy":"post_tag","embeddable":true,"href":"https:\/\/notinor.com\/jujuy\/wp-json\/wp\/v2\/tags?post=15120"}],"curies":[{"name":"wp","href":"https:\/\/api.w.org\/{rel}","templated":true}]}}