{"id":15117,"date":"2015-02-04T01:39:04","date_gmt":"2015-02-04T04:39:04","guid":{"rendered":"http:\/\/notinor.com\/jujuy\/?p=15117"},"modified":"2015-02-04T01:39:04","modified_gmt":"2015-02-04T04:39:04","slug":"tercera-noche-del-festival-a-cielo-abierto","status":"publish","type":"post","link":"https:\/\/notinor.com\/jujuy\/tercera-noche-del-festival-a-cielo-abierto\/","title":{"rendered":"Tercera noche del festival a cielo abierto"},"content":{"rendered":"<p>Alberg\u00f3 \u00a0a mas de 20.000 personas en una jornada que se vivi\u00f3 a puro ritmo y alegr\u00eda, las familias desde temprano se comenzaron a dar sita en el predio de la av. 1 de agosto, para ir desde temprano buscando las ubicaciones para disfrutar del espect\u00e1culo que brinda este festival de entrada libre y gratuita, \u00fanico en la provincia de Jujuy.<\/p>\n<p><a href=\"http:\/\/notinor.com\/jujuy\/wp-content\/uploads\/2015\/02\/IMG_20150131_031654402.jpg\"><img decoding=\"async\" loading=\"lazy\" class=\"alignnone  wp-image-15118\" src=\"http:\/\/notinor.com\/jujuy\/wp-content\/uploads\/2015\/02\/IMG_20150131_031654402.jpg\" alt=\"IMG_20150131_031654402\" width=\"691\" height=\"388\" srcset=\"https:\/\/notinor.com\/jujuy\/wp-content\/uploads\/2015\/02\/IMG_20150131_031654402.jpg 900w, https:\/\/notinor.com\/jujuy\/wp-content\/uploads\/2015\/02\/IMG_20150131_031654402-300x168.jpg 300w, https:\/\/notinor.com\/jujuy\/wp-content\/uploads\/2015\/02\/IMG_20150131_031654402-199x112.jpg 199w\" sizes=\"(max-width: 691px) 100vw, 691px\" \/><\/a><\/p>\n<p>El espect\u00e1culo comenz\u00f3 de la mano de Hugo jer\u00f3nimo, amanecer y pura cepa, quienes hicieron bailar y cantar a toda la gente desde el inicio del festival, a medida que transcurr\u00eda la noche era incesante el arribo del publico al predio, y que ya a eso de las 23.00 hs ya ten\u00eda casi colmada su capacidad. Todo transcurri\u00f3 en un clima de \u00a0tranquilidad, sin ning\u00fan tipo de inconvenientes, a pesar de que la lluvia amenazaba por momentos, y hasta cayeron algunas gotas, el p\u00fablico presente supo disfrutar del espect\u00e1culo de todos los artistas que se fueron sumando al escenario tal es el caso de Carmen salas, los cantores de las yungas, j\u00f3venes talentos de libertador que competir\u00e1n representando a Jujuy en el pre varadero 2015 en bs.as., las voces de la merced, los violineros, y otros mas.<\/p>\n<p>Ya promediando la madruga fue el turno de recibir a los artistas que faltaban para completar la cartelera de esta 3 luna festivalera,\u00a0 y as\u00ed llego el ya consagrado mateo arias, Aldo y la zamba, Edgardo la copla, Jasy Memby, Pal estribo y Tupac 7, los \u00faltimos tres provenientes de san salvador de Jujuy. Tal es la cantidad de gente que disfruto a pleno esta noche, que incluso detr\u00e1s del escenario estaba lleno de gente bailando y cantando a la par de cada artista. Un hecho que no paso desapercibido es la gran cantidad de j\u00f3venes y adolescentes que se dieron cita en este festival, y para destacar, sin dudas, el buen comportamiento de los mismos, que disfrutaron de todo el show de la mejor manera.<\/p>\n","protected":false},"excerpt":{"rendered":"<p>Alberg\u00f3 \u00a0a mas de 20.000 personas en una jornada que se vivi\u00f3 a puro ritmo y alegr\u00eda, las familias desde temprano se comenzaron a dar sita en el predio de la av. 1 de agosto, para ir desde temprano buscando las ubicaciones para disfrutar del espect\u00e1culo que brinda este festival de entrada libre y gratuita, [&hellip;]<\/p>\n","protected":false},"author":1,"featured_media":15118,"comment_status":"open","ping_status":"open","sticky":false,"template":"","format":"standard","meta":{"_stopmodifiedupdate":false,"_modified_date":"","inline_featured_image":false},"categories":[21],"tags":[],"jetpack_featured_media_url":"https:\/\/notinor.com\/jujuy\/wp-content\/uploads\/2015\/02\/IMG_20150131_031654402.jpg","_links":{"self":[{"href":"https:\/\/notinor.com\/jujuy\/wp-json\/wp\/v2\/posts\/15117"}],"collection":[{"href":"https:\/\/notinor.com\/jujuy\/wp-json\/wp\/v2\/posts"}],"about":[{"href":"https:\/\/notinor.com\/jujuy\/wp-json\/wp\/v2\/types\/post"}],"author":[{"embeddable":true,"href":"https:\/\/notinor.com\/jujuy\/wp-json\/wp\/v2\/users\/1"}],"replies":[{"embeddable":true,"href":"https:\/\/notinor.com\/jujuy\/wp-json\/wp\/v2\/comments?post=15117"}],"version-history":[{"count":1,"href":"https:\/\/notinor.com\/jujuy\/wp-json\/wp\/v2\/posts\/15117\/revisions"}],"predecessor-version":[{"id":15119,"href":"https:\/\/notinor.com\/jujuy\/wp-json\/wp\/v2\/posts\/15117\/revisions\/15119"}],"wp:featuredmedia":[{"embeddable":true,"href":"https:\/\/notinor.com\/jujuy\/wp-json\/wp\/v2\/media\/15118"}],"wp:attachment":[{"href":"https:\/\/notinor.com\/jujuy\/wp-json\/wp\/v2\/media?parent=15117"}],"wp:term":[{"taxonomy":"category","embeddable":true,"href":"https:\/\/notinor.com\/jujuy\/wp-json\/wp\/v2\/categories?post=15117"},{"taxonomy":"post_tag","embeddable":true,"href":"https:\/\/notinor.com\/jujuy\/wp-json\/wp\/v2\/tags?post=15117"}],"curies":[{"name":"wp","href":"https:\/\/api.w.org\/{rel}","templated":true}]}}