{"id":15114,"date":"2015-02-04T00:03:36","date_gmt":"2015-02-04T03:03:36","guid":{"rendered":"http:\/\/notinor.com\/jujuy\/?p=15114"},"modified":"2015-02-03T22:16:03","modified_gmt":"2015-02-04T01:16:03","slug":"piden-la-renuncia-de-gils-carbo-por-truchar-el-comunicado-de-la-fiscal-fein","status":"publish","type":"post","link":"https:\/\/notinor.com\/jujuy\/piden-la-renuncia-de-gils-carbo-por-truchar-el-comunicado-de-la-fiscal-fein\/","title":{"rendered":"Piden la renuncia de Gils Carb\u00f3 por \"truchar\" el comunicado de la fiscal Fein"},"content":{"rendered":"<p>El \"error involuntario\" en un comunicado de la fiscal\u00eda que investiga la muerte de Alberto Nisman y que desminti\u00f3 una informaci\u00f3n que trascendi\u00f3 en los medios despert\u00f3 las cr\u00edticas de la oposici\u00f3n.<\/p>\n<p>Legisladores enfrentados al kirchnerismo apuntaron contra la procuradora general, Alejandra Gils Carb\u00f3, y exigieron que renuncie a su cargo.<\/p>\n<p>La diputada macrista Patricia Bullrich y el senador radical Ernesto Sanz se pronunciaron en la misma l\u00ednea, poco despu\u00e9s de que la fiscal que investiga el caso Nisman, Viviana Fein, admitiera que hubo \"un error involuntario\" en el comunicado de ayer en el que se desminti\u00f3 una informaci\u00f3n publicada por Clar\u00edn. El dato de que Nisman hab\u00eda redactado un pedido de captura sobre la presidenta Cristina Kirchner por el supuesto encubrimiento a Ir\u00e1n finalmente era cierto.<\/p>\n<p>\"Haber truchado un comunicado es la gota que rebalsa un vaso demasiado lleno. Por \u00e9tica de ella misma deber\u00eda decir \u00abme voy en este momento\u00bb. \u00a1Falsific\u00f3 un comunicado!\", se quej\u00f3 Bullrich en di\u00e1logo con radio Mitre.<\/p>\n<p>Y agreg\u00f3: \"Le hizo decir a la fiscal algo que la fiscal no hab\u00eda dicho para intentar cubrir lo que hab\u00eda expresado [Jorge] Capitanich\".<\/p>\n<p>La pol\u00e9mica comenz\u00f3 con una nota publicada el domingo en Clar\u00edn, en la que se especulaba que Alberto Nisman hab\u00eda querido pedir el desafuero y la detenci\u00f3n de Cristina Kirchner en otra versi\u00f3n de la presentaci\u00f3n judicial, que tir\u00f3. La nota hac\u00eda menci\u00f3n, adem\u00e1s, a los misteriosos tachones que presenta el texto original, por lo que el juez federal Ariel Lijo se apur\u00f3 en aclarar que \u00e9l hab\u00eda decidido ocultar esa parte del escrito para no entorpecer las futuras medidas de prueba que reclamaba all\u00ed Nisman.<\/p>\n<p>A la desmentida del juez que proces\u00f3 al vicepresidente Amado Boudou se sum\u00f3 ayer la fiscal Viviana Fein y Capitanich, que en su conferencia de prensa avanz\u00f3 un paso m\u00e1s y rompi\u00f3 en vivo el diario mientras advert\u00eda que se trataba de informaci\u00f3n \"basura y de mentiras\".<\/p>\n<p>Hoy, a trav\u00e9s de dos entrevistas radiales y de un nuevo comunicado, la fiscal Fein admiti\u00f3 un \"error involuntario\" en la pol\u00e9mica por el borrador de Nisman. En el escrito de hoy se\u00f1al\u00f3 los \"avances\" de la investigaci\u00f3n por la muerte de Nisman y aclara que el texto de ayer \"no fue alterado\".<\/p>\n<p>Bullrich deslig\u00f3 a Fein de su responsabilidad en los comunicados y dijo que el de ayer fue \"truchado\" por Gils Carb\u00f3. \"M\u00e1s que correr a Fein en la causa, la ponen m\u00e1s firme en la causa. Ella ha demostrado ser firme\", la defendi\u00f3 la diputada macrista.<\/p>\n<p>\"El papel\u00f3n de Capitanich y Gils Carb\u00f3 es escandaloso. Los dos deben analizar seriamente su renuncia. Est\u00e1n afectando gravemente la imagen presidencial y la confianza de los argentinos en las instituciones\", enfatiz\u00f3 la legisladora tambi\u00e9n macrista Laura Alonso. Anticip\u00f3 que en las pr\u00f3ximas horas realizar\u00e1 una ampliaci\u00f3n del pedido de juicio pol\u00edtico presentado contra Gils Carb\u00f3 en 2013 para incluir las presuntas irregularidades que cometi\u00f3 alrededor del caso que investiga la muerte del fiscal<\/p>\n<p>Ernesto Sanz interpret\u00f3 que lo sucedido \"es la muestra m\u00e1s clara del final de ciclo a toda orquesta de un gobierno desorientado. 'Han perdido la iniciativa, ya no pueden sostener su propio relato\".<\/p>\n<p>\"Seguramente avanzaremos esta tarde\", sobre el pedido de renuncia de Gils Carb\u00f3, complicada tambi\u00e9n en los \u00faltimos d\u00edas porque la Justicia fren\u00f3 la designaci\u00f3n de 16 nuevos fiscales.<\/p>\n<p>\"El kirchnerismo siempre se sostuvo en tres patas, relato, caja y extorsi\u00f3n. De relato poco les va quedando. Caja algo todav\u00eda tienen. Y lo de la extorsi\u00f3n ya ni siquiera lo pueden usar porque les explot\u00f3 en las manos lo de la SIDE\", expres\u00f3 Sanz..<\/p>\n","protected":false},"excerpt":{"rendered":"<p>El \"error involuntario\" en un comunicado de la fiscal\u00eda que investiga la muerte de Alberto Nisman y que desminti\u00f3 una informaci\u00f3n que trascendi\u00f3 en los medios despert\u00f3 las cr\u00edticas de la oposici\u00f3n. Legisladores enfrentados al kirchnerismo apuntaron contra la procuradora general, Alejandra Gils Carb\u00f3, y exigieron que renuncie a su cargo. La diputada macrista Patricia [&hellip;]<\/p>\n","protected":false},"author":1,"featured_media":13672,"comment_status":"open","ping_status":"open","sticky":false,"template":"","format":"standard","meta":{"_stopmodifiedupdate":false,"_modified_date":"","inline_featured_image":false},"categories":[5],"tags":[],"jetpack_featured_media_url":"https:\/\/notinor.com\/jujuy\/wp-content\/uploads\/2015\/01\/gils-carbo-enojada1.jpg","_links":{"self":[{"href":"https:\/\/notinor.com\/jujuy\/wp-json\/wp\/v2\/posts\/15114"}],"collection":[{"href":"https:\/\/notinor.com\/jujuy\/wp-json\/wp\/v2\/posts"}],"about":[{"href":"https:\/\/notinor.com\/jujuy\/wp-json\/wp\/v2\/types\/post"}],"author":[{"embeddable":true,"href":"https:\/\/notinor.com\/jujuy\/wp-json\/wp\/v2\/users\/1"}],"replies":[{"embeddable":true,"href":"https:\/\/notinor.com\/jujuy\/wp-json\/wp\/v2\/comments?post=15114"}],"version-history":[{"count":1,"href":"https:\/\/notinor.com\/jujuy\/wp-json\/wp\/v2\/posts\/15114\/revisions"}],"predecessor-version":[{"id":15115,"href":"https:\/\/notinor.com\/jujuy\/wp-json\/wp\/v2\/posts\/15114\/revisions\/15115"}],"wp:featuredmedia":[{"embeddable":true,"href":"https:\/\/notinor.com\/jujuy\/wp-json\/wp\/v2\/media\/13672"}],"wp:attachment":[{"href":"https:\/\/notinor.com\/jujuy\/wp-json\/wp\/v2\/media?parent=15114"}],"wp:term":[{"taxonomy":"category","embeddable":true,"href":"https:\/\/notinor.com\/jujuy\/wp-json\/wp\/v2\/categories?post=15114"},{"taxonomy":"post_tag","embeddable":true,"href":"https:\/\/notinor.com\/jujuy\/wp-json\/wp\/v2\/tags?post=15114"}],"curies":[{"name":"wp","href":"https:\/\/api.w.org\/{rel}","templated":true}]}}