{"id":15111,"date":"2015-02-04T00:02:40","date_gmt":"2015-02-04T03:02:40","guid":{"rendered":"http:\/\/notinor.com\/jujuy\/?p=15111"},"modified":"2015-02-03T22:09:44","modified_gmt":"2015-02-04T01:09:44","slug":"la-oposicion-pide-la-renuncia-de-capitanich-por-el-papelon-de-la-rotura-del-diario","status":"publish","type":"post","link":"https:\/\/notinor.com\/jujuy\/la-oposicion-pide-la-renuncia-de-capitanich-por-el-papelon-de-la-rotura-del-diario\/","title":{"rendered":"La oposici\u00f3n pide la renuncia de Capitanich por el papel\u00f3n de la rotura del diario"},"content":{"rendered":"<p>Descontento con el contenido de una nota, el jefe de Gabinete, Jorge Capitanich, rompi\u00f3 un art\u00edculo de un diario durante su tradicional conferencia de prensa, en Casa de Gobierno. Un d\u00eda despu\u00e9s, la propia fiscal Viviana Fein se desdijo y admiti\u00f3 que eran verdad las versiones period\u00edsticas que indicaban que en el departamento de la torre Le Parc se hall\u00f3 un borrador de la denuncia de Alberto Nisman que solicitaba la detenci\u00f3n de la presidente Cristina Kirchner.<\/p>\n<p>La reacci\u00f3n \"antiprensa\" del funcionario gener\u00f3 un fuerte repudio de todo el arco opositor. \"Violenta\" y \"grave\" fueron algunos de los calificativos que utilizaron dirigentes de distintos espacios pol\u00edticos que se diferencian del kirchnerismo.<\/p>\n<p>La diputada nacional del PRO, Laura Alonso, dijo que estaba azorada por el esc\u00e1ndalo entre la fiscal y la procuradora general de la Naci\u00f3n, Alejandra Gils Carb\u00f3, que intervino de alguna manera en el comunicado de prensa publicitado ayer, y revela \"no solo que exist\u00eda ese borrador, sino que la Presidente minti\u00f3\".<\/p>\n<p>Para la legisladora, los vericuetos que quedaron en las \u00faltimas horas a la vista \"van a ir demostrando que Nisman ten\u00eda una hip\u00f3tesis de investigaci\u00f3n que era comprobable por las escuchas y el correlato de la realidad\". \"Ac\u00e1 lo m\u00e1s grave no es si la procuradora hace desastres, cosa que ya sabemos, o los papelones del jefe de Gabinete, que debe renunciar\", enfatiz\u00f3.<\/p>\n<p>Pero no solo Capitanich deber\u00eda apartarse de su cargo. \"Sergio Berni (secretario de Seguridad), la ministra de Seguridad (Cecilia Rodr\u00edguez) y la misma procuradora deber\u00edan renunciar. No tengo dudas de que Gils Carb\u00f3, que trabaja para la Casa Rosada, fragu\u00f3 esa informaci\u00f3n\", dijo, en referencia a la nota que sali\u00f3 publicada donde se conoci\u00f3 que Nisman pens\u00f3 en pedir la detenci\u00f3n de Cristina Kirchner.<\/p>\n<p>Desde el radicalismo tambi\u00e9n salieron a pedir la renuncia del jefe de Gabinete. Miguel Bazze, diputado nacional de la UCR, consider\u00f3 que \"no es cosa menor\" que Capitanich haya destrozado un diario y lo calific\u00f3 de \"grave\".<\/p>\n<p>\"Lo que hizo Capitanich es un exceso que el Gobierno no se puede permitir\", dijo Bazze, y consider\u00f3 que \"el jefe de Gabinete no hace m\u00e1s que cometer errores\". \"Su figura ya es grotesca, y que todos los d\u00edas trate de explicar lo inexplicable afecta la credibilidad, no s\u00f3lo del Gobierno, sino de la sociedad en el funcionamiento de las instituciones. Creo que debe renunciar\", sentenci\u00f3.<\/p>\n<p>Al mismo tiempo, el dirigente del radicalismo bonaerense carg\u00f3 contra la procuradora por el encontronazo que mantuvo con la fiscal Fein por un comunicado oficial. \"Gils Carb\u00f3 intenta defender al Gobierno por todos los medios y poner en duda todo el trabajo de Nisman. Es parte de una estrategia dise\u00f1ada por el Gobierno, que tiene muy poco que ver con lo que necesitamos los argentinos\", se\u00f1al\u00f3.<\/p>\n<p>Para Bazze, \"el Gobierno no hace m\u00e1s que poner palos en la rueda\" y los argentinos \"necesitamos que el Poder Ejecutivo le garantice a la Justicia la mayor libertad para que trabaje tranquila\".<\/p>\n<p>En este marco, fue el senador radical Ernesto Sanz quien exigi\u00f3 la renuncia de Gils Carb\u00f3 luego de las propias contradicciones del relato. \"El kirchnerismo siempre se sostuvo en tres patas: relato, caja y extorsi\u00f3n. De relato poco les va quedando. Caja, algo todav\u00eda tienen (...). Y lo de la extorsi\u00f3n ya ni siquiera lo pueden usar porque les explot\u00f3 en las manos lo de la SIDE\", dijo en radio Mitre.<\/p>\n<p>Otro miembro de la UCR que se manifest\u00f3 contra la continuidad de Capitanich en el cargo fue el diputado Luis Petri. En di\u00e1logo con este medio, dijo: \"Son lamentables sus acciones. Es un claro ataque a la libertad de prensa y no se condicen con la responsabilidad que debe tener\".<\/p>\n<p>Los pedidos de renuncia se multiplicaron en las redes sociales. La legisladora Graciela Oca\u00f1a incluso lo calific\u00f3 de \"cobarde\" por no dejar su cargo luego de que se conociera que la informaci\u00f3n que \u00e9l mismo hab\u00eda desacreditado finalmente era ver\u00eddica.<\/p>\n","protected":false},"excerpt":{"rendered":"<p>Descontento con el contenido de una nota, el jefe de Gabinete, Jorge Capitanich, rompi\u00f3 un art\u00edculo de un diario durante su tradicional conferencia de prensa, en Casa de Gobierno. Un d\u00eda despu\u00e9s, la propia fiscal Viviana Fein se desdijo y admiti\u00f3 que eran verdad las versiones period\u00edsticas que indicaban que en el departamento de la [&hellip;]<\/p>\n","protected":false},"author":1,"featured_media":15112,"comment_status":"open","ping_status":"open","sticky":false,"template":"","format":"standard","meta":{"_stopmodifiedupdate":false,"_modified_date":"","inline_featured_image":false},"categories":[5],"tags":[],"jetpack_featured_media_url":"https:\/\/notinor.com\/jujuy\/wp-content\/uploads\/2015\/02\/capitanich-rompe-diario.jpg","_links":{"self":[{"href":"https:\/\/notinor.com\/jujuy\/wp-json\/wp\/v2\/posts\/15111"}],"collection":[{"href":"https:\/\/notinor.com\/jujuy\/wp-json\/wp\/v2\/posts"}],"about":[{"href":"https:\/\/notinor.com\/jujuy\/wp-json\/wp\/v2\/types\/post"}],"author":[{"embeddable":true,"href":"https:\/\/notinor.com\/jujuy\/wp-json\/wp\/v2\/users\/1"}],"replies":[{"embeddable":true,"href":"https:\/\/notinor.com\/jujuy\/wp-json\/wp\/v2\/comments?post=15111"}],"version-history":[{"count":1,"href":"https:\/\/notinor.com\/jujuy\/wp-json\/wp\/v2\/posts\/15111\/revisions"}],"predecessor-version":[{"id":15113,"href":"https:\/\/notinor.com\/jujuy\/wp-json\/wp\/v2\/posts\/15111\/revisions\/15113"}],"wp:featuredmedia":[{"embeddable":true,"href":"https:\/\/notinor.com\/jujuy\/wp-json\/wp\/v2\/media\/15112"}],"wp:attachment":[{"href":"https:\/\/notinor.com\/jujuy\/wp-json\/wp\/v2\/media?parent=15111"}],"wp:term":[{"taxonomy":"category","embeddable":true,"href":"https:\/\/notinor.com\/jujuy\/wp-json\/wp\/v2\/categories?post=15111"},{"taxonomy":"post_tag","embeddable":true,"href":"https:\/\/notinor.com\/jujuy\/wp-json\/wp\/v2\/tags?post=15111"}],"curies":[{"name":"wp","href":"https:\/\/api.w.org\/{rel}","templated":true}]}}