{"id":15108,"date":"2015-02-04T00:01:09","date_gmt":"2015-02-04T03:01:09","guid":{"rendered":"http:\/\/notinor.com\/jujuy\/?p=15108"},"modified":"2015-02-03T22:06:09","modified_gmt":"2015-02-04T01:06:09","slug":"piden-investigar-el-seguimiento-a-nisman-de-las-camaras-de-video-en-ezeiza","status":"publish","type":"post","link":"https:\/\/notinor.com\/jujuy\/piden-investigar-el-seguimiento-a-nisman-de-las-camaras-de-video-en-ezeiza\/","title":{"rendered":"Piden investigar el seguimiento a Nisman de las c\u00e1maras de video en Ezeiza"},"content":{"rendered":"<p>El fiscal Guillermo Mariju\u00e1n present\u00f3 una denuncia penal contra \"funcionarios p\u00fablicos o particulares\", por el registro de las im\u00e1genes del fallecido Alberto Nisman llegando al aeropuerto el 12 de enero.<\/p>\n<div class=\"jeg_video_container jeg_video_content\"><iframe loading=\"lazy\" width=\"500\" height=\"281\" src=\"https:\/\/www.youtube.com\/embed\/nntdqX6eLx4?feature=oembed\" frameborder=\"0\" allowfullscreen><\/iframe><\/div>\n<p>En di\u00e1logo con Todo Noticias, el fiscal Mariju\u00e1n explic\u00f3 que \"las im\u00e1genes que se han mostrado p\u00fablicamente tienen los primeros planos y un claro seguimiento de una persona en particular que era Nisman\" y que ese tipo de seguimiento \"s\u00f3lo se puede hacer con orden judicial\".<\/p>\n<p>\"Mi denuncia apunta a que se clarifique concretamente la posible actividad de funcionarios p\u00fablicos o particulares y la responsabilidad que les pudo haber cabido en este seguimiento\", agreg\u00f3 el fiscal.<\/p>\n<p>La denuncia de Mariju\u00e1n apunta a los primeros planos sobre Nisman, en su arribo a Buenos Aires antes de hacer denunciar a la presidenta Cristina Kirchner, y otros funcionarios, por encubrimiento en el atentado a la AMIA.<\/p>\n<p>Al ser consultado respecto a si se tratar\u00eda de un seguimiento por parte de servicios de inteligencia, Marijuan sostuvo que ser\u00e1 tarea del juez que intervenga dilucidarlo. Al tiempo que se\u00f1al\u00f3 que \"los responsables de esta filmaci\u00f3n puedan aportar\" a la investigaci\u00f3n de la muerte de Nisman. La denuncia de Mariju\u00e1n cay\u00f3 en el juzgado de Rodolfo Canicoba Corral.<\/p>\n<p>\"Hay una empresa que tiene la concesi\u00f3n de la terminal a\u00e9rea, pero hay fuerzas de seguridad y si hay gente de inteligencia o fuerzas policiales, pero qui\u00e9nes est\u00e1n a cargo de todas estas c\u00e1maras tendr\u00e1 que ser material de investigaci\u00f3n\", concluy\u00f3.<\/p>\n","protected":false},"excerpt":{"rendered":"<p>El fiscal Guillermo Mariju\u00e1n present\u00f3 una denuncia penal contra \"funcionarios p\u00fablicos o particulares\", por el registro de las im\u00e1genes del fallecido Alberto Nisman llegando al aeropuerto el 12 de enero. En di\u00e1logo con Todo Noticias, el fiscal Mariju\u00e1n explic\u00f3 que \"las im\u00e1genes que se han mostrado p\u00fablicamente tienen los primeros planos y un claro seguimiento [&hellip;]<\/p>\n","protected":false},"author":1,"featured_media":15109,"comment_status":"open","ping_status":"open","sticky":false,"template":"","format":"standard","meta":{"_stopmodifiedupdate":false,"_modified_date":"","inline_featured_image":false},"categories":[5],"tags":[],"jetpack_featured_media_url":"https:\/\/notinor.com\/jujuy\/wp-content\/uploads\/2015\/02\/fiscal-marijuan.jpg","_links":{"self":[{"href":"https:\/\/notinor.com\/jujuy\/wp-json\/wp\/v2\/posts\/15108"}],"collection":[{"href":"https:\/\/notinor.com\/jujuy\/wp-json\/wp\/v2\/posts"}],"about":[{"href":"https:\/\/notinor.com\/jujuy\/wp-json\/wp\/v2\/types\/post"}],"author":[{"embeddable":true,"href":"https:\/\/notinor.com\/jujuy\/wp-json\/wp\/v2\/users\/1"}],"replies":[{"embeddable":true,"href":"https:\/\/notinor.com\/jujuy\/wp-json\/wp\/v2\/comments?post=15108"}],"version-history":[{"count":1,"href":"https:\/\/notinor.com\/jujuy\/wp-json\/wp\/v2\/posts\/15108\/revisions"}],"predecessor-version":[{"id":15110,"href":"https:\/\/notinor.com\/jujuy\/wp-json\/wp\/v2\/posts\/15108\/revisions\/15110"}],"wp:featuredmedia":[{"embeddable":true,"href":"https:\/\/notinor.com\/jujuy\/wp-json\/wp\/v2\/media\/15109"}],"wp:attachment":[{"href":"https:\/\/notinor.com\/jujuy\/wp-json\/wp\/v2\/media?parent=15108"}],"wp:term":[{"taxonomy":"category","embeddable":true,"href":"https:\/\/notinor.com\/jujuy\/wp-json\/wp\/v2\/categories?post=15108"},{"taxonomy":"post_tag","embeddable":true,"href":"https:\/\/notinor.com\/jujuy\/wp-json\/wp\/v2\/tags?post=15108"}],"curies":[{"name":"wp","href":"https:\/\/api.w.org\/{rel}","templated":true}]}}