{"id":15104,"date":"2015-02-04T00:00:56","date_gmt":"2015-02-04T03:00:56","guid":{"rendered":"http:\/\/notinor.com\/jujuy\/?p=15104"},"modified":"2015-02-03T22:02:48","modified_gmt":"2015-02-04T01:02:48","slug":"en-soledad-el-kirchnerismo-avanza-en-el-senado-el-proyecto-de-la-nueva-side","status":"publish","type":"post","link":"https:\/\/notinor.com\/jujuy\/en-soledad-el-kirchnerismo-avanza-en-el-senado-el-proyecto-de-la-nueva-side\/","title":{"rendered":"En soledad, el kirchnerismo avanza en el Senado el proyecto de la nueva SIDE"},"content":{"rendered":"<p>Las comisiones de Asuntos Constitucionales y de Justicia y Asuntos Penales del Senado comenzaron hoy, en una reuni\u00f3n plenaria, a discutir el proyecto que disuelve la actual Secretar\u00eda de Inteligencia (SI) para crear una Agencia Federal de Inteligencia en un encuentro presidido por Marcelo Fuentes, titular de Asuntos Constitucionales, en el que expusieron el actual director de la SI, Oscar Parrilli, su segundo, Juan Mart\u00edn Mena, y el secretario de Legal y T\u00e9cnica, Carlos Zannini.<\/p>\n<p>Los referentes de bloques opositores, sin embargo, resolvieron no participar en el plenario de comisiones y brindar, a cambio, una conferencia de prensa para dar a conocer una agenda propia de actividades vinculadas al caso Nisman. All\u00ed adelantaron que no participar\u00e1n ni de los debates en comisi\u00f3n ni de la sesi\u00f3n en la que el oficialismo busque dar media sanci\u00f3n a la reforma.<\/p>\n<p>Mientras que Parrilli dedic\u00f3 su intervenci\u00f3n a hacer un relevamiento de las modificaciones propuestas a la Ley de Inteligencia, Zannini fue el encargado de defender la oportunidad de la modificaci\u00f3n, compar\u00e1ndola con el momento en que se aprob\u00f3 la ley original, en noviembre de 2001, bajo la presidencia de Fernando de la R\u00faa.<\/p>\n<p>En aquel entonces, \"el debate comenz\u00f3 el 7 de noviembre de 2001 y termin\u00f3 el 27 de noviembre con la aprobaci\u00f3n en la C\u00e1mara de Diputados\", dijo Zanini, al tiempo que agreg\u00f3 que el Gobierno no pretende \"derogar ni criticar\" la ley vigente, sino \"tratar de mejorarla\" incorporando \"la experiencia de los 31 a\u00f1os de democracia argentina\". \"En la pr\u00e1ctica, de sus 53 art\u00edculos de la ley original -que dicho sea de paso, el peronismo ayud\u00f3 en la pr\u00e1ctica convertirla en ley- estamos modificando 11, incorporando 10 nuevos. Sin cambio quedan 34 art\u00edculos\", explic\u00f3.<\/p>\n<p>Respecto del traspaso de las observaciones judiciales al \u00e1mbito de la Procuraci\u00f3n General de la Naci\u00f3n, Zannini sostuvo que el pedido de que quede en manos de la Corte es \"un reconocimiento al m\u00e9rito de nuestro gobierno\" que encar\u00f3 la renovaci\u00f3n del m\u00e1ximo tribunal. Sin embargo, tal modificaci\u00f3n \"pondr\u00eda en cabeza de la Corte la producci\u00f3n de prueba y no quedar\u00eda clara la imparcialidad en las causas en las que la Corte deber\u00eda intervenir\".<\/p>\n<p>Zannini lament\u00f3 la ausencia opositora en el recinto pero sostuvo que la Constituci\u00f3n y los reglamentos legitiman la pretensi\u00f3n del Gobierno por lo que no se trabar\u00e1 el trabajo legislativo. \"Dios salve a una patria que tenga paralizado a un Congreso\", ironiz\u00f3, y calific\u00f3 como \"un gesto de valent\u00eda\" de la presidente el proyecto pues de acuerdo con su relato \"nos han construido una leyenda de carpetas y carpetazos\" por lo que pocos pol\u00edticos se animan a enfrentarse a los servicios de inteligencia.<\/p>\n<p>Al terminar la sesi\u00f3n, y en di\u00e1logo con los medios, Parrilli agreg\u00f3 que \"no es a la Procuraci\u00f3n sino al Ministerio P\u00fablico\" que se pasan las escuchas, que \"de acuerdo con la Constituci\u00f3n del 94 es un extrapoder o cuarto poder\", con autonom\u00eda financiera y administrativa y \"est\u00e1 conformado por la procuradora y la defensor\u00eda oficial\".<\/p>\n<p>Seg\u00fan el secretario, existen proyectos presentados por opositores que impulsaban esa modificaci\u00f3n por lo que, en sus palabras, el rechazo que ahora manifiestan se debe a \"una acci\u00f3n medi\u00e1tica que ha enfocado a la doctora Gils Carb\u00f3\".<\/p>\n<p>Sobre la posibilidad de que agentes de inteligencia resistan las modificaciones, dijo que no tiene duda de que \"hay varios, algunos o muchos, que van a intentar frenarlo. No lo van a lograr\".<\/p>\n<h2><strong>El proyecto<\/strong><\/h2>\n<p>La iniciativa del Gobierno disuelve la Secretar\u00eda de Inteligencia y transfiere la funci\u00f3n y el personal a la nueva Agencia Federal; establece que las escuchas telef\u00f3nicas estar\u00e1n bajo la jurisdicci\u00f3n de la Procuraci\u00f3n de la Naci\u00f3n; dispone que el director general y subdirector ser\u00e1n designados por el Poder Ejecutivo con acuerdo del Senado y, entre otras cuestiones, fija un plazo que no podr\u00e1 ser \"inferior a 25 a\u00f1os\" para desclasificar los archivos.<br \/>\nEl Frente para la Victoria se mantiene confiado en aprobar el proyecto en ambas C\u00e1maras y convertirlo en ley antes de fin de mes, luego de que el Gobierno convocara a sesiones extraordinarias para discutir el tema. El pr\u00f3ximo 11 de febrero podr\u00eda tratarse en la C\u00e1mara alta.<\/p>\n<h1 style=\"text-align: center;\">\n<strong>LA OPOSICI\u00d3N EXPLIC\u00d3 LA AUSENCIA<\/strong><\/h1>\n<p>Parrilli y Zannini expusieron el proyecto oficial y ratificaron el traspaso de las escuchas judiciales al Ministerio P\u00fablico y no a la Corte. Los bloques no kirchneristas adelantaron que no participar\u00e1n de la discusi\u00f3n<\/p>\n<p>Ayer por la tarde comenz\u00f3 la discusi\u00f3n en un plenario de comisiones; est\u00e1n presentes, entre otros, el secretario Legal y T\u00e9cnico de la Presidencia, Carlos Zannini, y el director de la Secretar\u00eda de Inteligencia, Oscar Parrilli<\/p>\n<p><a href=\"http:\/\/notinor.com\/jujuy\/wp-content\/uploads\/2015\/02\/oposicion-afi.jpg\"><img decoding=\"async\" loading=\"lazy\" class=\"wp-image-15106 aligncenter\" src=\"http:\/\/notinor.com\/jujuy\/wp-content\/uploads\/2015\/02\/oposicion-afi-300x168.jpg\" alt=\"oposicion afi\" width=\"554\" height=\"310\" srcset=\"https:\/\/notinor.com\/jujuy\/wp-content\/uploads\/2015\/02\/oposicion-afi-300x168.jpg 300w, https:\/\/notinor.com\/jujuy\/wp-content\/uploads\/2015\/02\/oposicion-afi-199x112.jpg 199w\" sizes=\"(max-width: 554px) 100vw, 554px\" \/><\/a><\/p>\n<p>Los bloques opositores en el Senado resolvieron no participar del debate sobre la nueva ley de inteligencia propuesta por el gobierno nacional, y que comenz\u00f3 esta tarde con un plenario de comisiones.<\/p>\n<p>En una reuni\u00f3n de la que participaron los jefes de bloque de los partidos de la oposici\u00f3n, Gerardo Morales (UCR), Gabriela Michetti (PRO), Adolfo Rodr\u00edguez Sa\u00e1 (Peronismo Federal) y Rub\u00e9n Giustiniani (Socialismo), se decidi\u00f3 no asistir al plenario de las comisiones de Asuntos Constitucionales y Justicia y Asuntos Penales convocado por el oficialismo. Luego, en una conferencia de prensa explicaron por qu\u00e9 no participar\u00e1n.<\/p>\n<p>Al encuentro, que comenz\u00f3 a las 14.30, asiste el secretario Legal y T\u00e9cnico de la Presidencia, Carlos Zannini, el director de la Secretar\u00eda de Inteligencia, Oscar Parrilli, y el subdirector de ese organismo, Juan Carlos Mena.<\/p>\n<p>En conferencia de prensa los bloques opositores desde el Senado informaron que proponen una agenda propia respecto a la reforma del sistema de inteligencia.<\/p>\n<p>\"Vino a explicar el proyecto de ley, pero nosotros queremos tener nuestra agenda, no contestar sobre la que propone el oficialismo\", dijo la senadora nacional por C\u00f3rdoba Norma Morandini. \"No se puede legislar con la imposici\u00f3n de mayor\u00edas\".<\/p>\n<p>Por su parte, Pino Solanas, agreg\u00f3: \"Nosotros queremos marchar a una gran pol\u00edtica de estado en materia de seguridad. Ac\u00e1 no hay honestidad. Hay operatorias pol\u00edticas para tapar agujeros\".<\/p>\n<p>El legislador por San Luis Adolfo Rodr\u00edguez Saa en la misma l\u00ednea, cuestion\u00f3: \"La Argentina est\u00e1 conmovido por un magnicidio. Discutir unas modificaciones en la ley inteligencia para que no cambie nada o lo poco que cambie sea para ejercer un poder aun mas siniestro tenemos que tener una actitud coherente. Planteamos la necesidad de hacer una agenda m\u00e1s completa que nos permita debatir los temas y encontrar consensos\".<\/p>\n","protected":false},"excerpt":{"rendered":"<p>Las comisiones de Asuntos Constitucionales y de Justicia y Asuntos Penales del Senado comenzaron hoy, en una reuni\u00f3n plenaria, a discutir el proyecto que disuelve la actual Secretar\u00eda de Inteligencia (SI) para crear una Agencia Federal de Inteligencia en un encuentro presidido por Marcelo Fuentes, titular de Asuntos Constitucionales, en el que expusieron el actual [&hellip;]<\/p>\n","protected":false},"author":1,"featured_media":15105,"comment_status":"open","ping_status":"open","sticky":false,"template":"","format":"standard","meta":{"_stopmodifiedupdate":false,"_modified_date":"","inline_featured_image":false},"categories":[5],"tags":[],"jetpack_featured_media_url":"https:\/\/notinor.com\/jujuy\/wp-content\/uploads\/2015\/02\/afi.jpg","_links":{"self":[{"href":"https:\/\/notinor.com\/jujuy\/wp-json\/wp\/v2\/posts\/15104"}],"collection":[{"href":"https:\/\/notinor.com\/jujuy\/wp-json\/wp\/v2\/posts"}],"about":[{"href":"https:\/\/notinor.com\/jujuy\/wp-json\/wp\/v2\/types\/post"}],"author":[{"embeddable":true,"href":"https:\/\/notinor.com\/jujuy\/wp-json\/wp\/v2\/users\/1"}],"replies":[{"embeddable":true,"href":"https:\/\/notinor.com\/jujuy\/wp-json\/wp\/v2\/comments?post=15104"}],"version-history":[{"count":1,"href":"https:\/\/notinor.com\/jujuy\/wp-json\/wp\/v2\/posts\/15104\/revisions"}],"predecessor-version":[{"id":15107,"href":"https:\/\/notinor.com\/jujuy\/wp-json\/wp\/v2\/posts\/15104\/revisions\/15107"}],"wp:featuredmedia":[{"embeddable":true,"href":"https:\/\/notinor.com\/jujuy\/wp-json\/wp\/v2\/media\/15105"}],"wp:attachment":[{"href":"https:\/\/notinor.com\/jujuy\/wp-json\/wp\/v2\/media?parent=15104"}],"wp:term":[{"taxonomy":"category","embeddable":true,"href":"https:\/\/notinor.com\/jujuy\/wp-json\/wp\/v2\/categories?post=15104"},{"taxonomy":"post_tag","embeddable":true,"href":"https:\/\/notinor.com\/jujuy\/wp-json\/wp\/v2\/tags?post=15104"}],"curies":[{"name":"wp","href":"https:\/\/api.w.org\/{rel}","templated":true}]}}