{"id":151038,"date":"2017-12-22T00:08:02","date_gmt":"2017-12-22T03:08:02","guid":{"rendered":"http:\/\/notinor.com\/jujuy\/?p=151038"},"modified":"2018-01-10T08:07:20","modified_gmt":"2018-01-10T11:07:20","slug":"debemos-privilegiar-el-dialogo-fue-el-mensaje-del-obispo-fernandez","status":"publish","type":"post","link":"https:\/\/notinor.com\/jujuy\/debemos-privilegiar-el-dialogo-fue-el-mensaje-del-obispo-fernandez\/","title":{"rendered":"\"Debemos privilegiar el dialogo\", fue el mensaje del Obispo Fernandez"},"content":{"rendered":"<p>El obispo de Jujuy, Monse\u00f1or Cesar Daniel Fern\u00e1ndez emiti\u00f3 \u00a0palabras de esperanza para la poblaci\u00f3n \u00a0juje\u00f1a \u00a0y expres\u00f3 deseos de que esta pueda vivir una navidad serena, en paz y en familia.<\/p>\n<p><a href=\"http:\/\/notinor.com\/jujuy\/wp-content\/uploads\/2017\/12\/25593685_10156054741724708_1148868634_n.jpg\"><img decoding=\"async\" loading=\"lazy\" class=\"alignnone size-full wp-image-151039\" src=\"http:\/\/notinor.com\/jujuy\/wp-content\/uploads\/2017\/12\/25593685_10156054741724708_1148868634_n.jpg\" alt=\"25593685_10156054741724708_1148868634_n\" width=\"800\" height=\"532\" \/><\/a><\/p>\n<p>El obispo tambi\u00e9n que ante los momentos y hechos de violencia que se vivieron los \u00faltimos d\u00edas, tanto en el pa\u00eds como en la provincia, se\u00f1al\u00f3 que \"como seres humanos, debemos entendernos y privilegiar siempre el dialogo sin levantar la mano contra el otro\".<\/p>\n<p>\u201cEsperemos superar esto con la serenidad y el di\u00e1logo que hay que mantener a ultranza y hasta \u00faltimo momento\u201d, indic\u00f3 Monse\u00f1or.<\/p>\n<p>El obispo llamo a la comunidad toda a refugiarse en dios en estos momentos dif\u00edciles e \u00a0invit\u00f3 a toda la comunidad a acercarse a las capillas, parroquias y comunidades para celebrar las distintas misas que se realizar\u00e1n tanto el 24 y 25 de diciembre, como as\u00ed tambi\u00e9n, el 31 y para la celebraci\u00f3n de la epifan\u00eda de los Reyes Magos.<\/p>\n","protected":false},"excerpt":{"rendered":"<p>El obispo de Jujuy, Monse\u00f1or Cesar Daniel Fern\u00e1ndez emiti\u00f3 \u00a0palabras de esperanza para la poblaci\u00f3n \u00a0juje\u00f1a \u00a0y expres\u00f3 deseos de que esta pueda vivir una navidad serena, en paz y en familia. El obispo tambi\u00e9n que ante los momentos y hechos de violencia que se vivieron los \u00faltimos d\u00edas, tanto en el pa\u00eds como en [&hellip;]<\/p>\n","protected":false},"author":1,"featured_media":151039,"comment_status":"open","ping_status":"open","sticky":false,"template":"","format":"standard","meta":{"_stopmodifiedupdate":false,"_modified_date":"","inline_featured_image":false},"categories":[519,493],"tags":[],"jetpack_featured_media_url":"https:\/\/notinor.com\/jujuy\/wp-content\/uploads\/2017\/12\/25593685_10156054741724708_1148868634_n.jpg","_links":{"self":[{"href":"https:\/\/notinor.com\/jujuy\/wp-json\/wp\/v2\/posts\/151038"}],"collection":[{"href":"https:\/\/notinor.com\/jujuy\/wp-json\/wp\/v2\/posts"}],"about":[{"href":"https:\/\/notinor.com\/jujuy\/wp-json\/wp\/v2\/types\/post"}],"author":[{"embeddable":true,"href":"https:\/\/notinor.com\/jujuy\/wp-json\/wp\/v2\/users\/1"}],"replies":[{"embeddable":true,"href":"https:\/\/notinor.com\/jujuy\/wp-json\/wp\/v2\/comments?post=151038"}],"version-history":[{"count":1,"href":"https:\/\/notinor.com\/jujuy\/wp-json\/wp\/v2\/posts\/151038\/revisions"}],"predecessor-version":[{"id":151040,"href":"https:\/\/notinor.com\/jujuy\/wp-json\/wp\/v2\/posts\/151038\/revisions\/151040"}],"wp:featuredmedia":[{"embeddable":true,"href":"https:\/\/notinor.com\/jujuy\/wp-json\/wp\/v2\/media\/151039"}],"wp:attachment":[{"href":"https:\/\/notinor.com\/jujuy\/wp-json\/wp\/v2\/media?parent=151038"}],"wp:term":[{"taxonomy":"category","embeddable":true,"href":"https:\/\/notinor.com\/jujuy\/wp-json\/wp\/v2\/categories?post=151038"},{"taxonomy":"post_tag","embeddable":true,"href":"https:\/\/notinor.com\/jujuy\/wp-json\/wp\/v2\/tags?post=151038"}],"curies":[{"name":"wp","href":"https:\/\/api.w.org\/{rel}","templated":true}]}}