{"id":15101,"date":"2015-02-04T00:03:56","date_gmt":"2015-02-04T03:03:56","guid":{"rendered":"http:\/\/notinor.com\/jujuy\/?p=15101"},"modified":"2015-02-03T21:51:31","modified_gmt":"2015-02-04T00:51:31","slug":"el-borrador-de-nisman-en-la-portada-del-new-york-times","status":"publish","type":"post","link":"https:\/\/notinor.com\/jujuy\/el-borrador-de-nisman-en-la-portada-del-new-york-times\/","title":{"rendered":"El borrador de Nisman en la portada del New York Times"},"content":{"rendered":"<p>El diario The New York Times, que sigue muy de cerca junto con otros medios estadounidenses la misteriosa muerte de Alberto Nisman, public\u00f3 hoy como noticia principal en su sitio web que en la casa del fiscal hab\u00edan encontrado un borrador de un pedido de arresto de la presidenta Cristina Fern\u00e1ndez de Kirchner y otros funcionarios de su gobierno, una informaci\u00f3n que revel\u00f3 Clar\u00edn y que provoc\u00f3 una furibunda reacci\u00f3n del jefe de Gabinete Jorge Capitanich que rompi\u00f3 ejemplares del diario en una conferencia de prensa.<\/p>\n<p><a href=\"http:\/\/notinor.com\/jujuy\/wp-content\/uploads\/2015\/02\/nyt-arresto-cristina.jpg\"><img decoding=\"async\" loading=\"lazy\" class=\"alignnone  wp-image-15102\" src=\"http:\/\/notinor.com\/jujuy\/wp-content\/uploads\/2015\/02\/nyt-arresto-cristina-300x169.jpg\" alt=\"nyt arresto cristina\" width=\"710\" height=\"400\" srcset=\"https:\/\/notinor.com\/jujuy\/wp-content\/uploads\/2015\/02\/nyt-arresto-cristina-300x169.jpg 300w, https:\/\/notinor.com\/jujuy\/wp-content\/uploads\/2015\/02\/nyt-arresto-cristina-199x112.jpg 199w, https:\/\/notinor.com\/jujuy\/wp-content\/uploads\/2015\/02\/nyt-arresto-cristina.jpg 600w\" sizes=\"(max-width: 710px) 100vw, 710px\" \/><\/a><\/p>\n<p>Esta revelaci\u00f3n sobre la orden de arresto, dice el Times, \"ilustra la creciente tensi\u00f3n entre (el fiscal) y el gobierno antes de que fuera hallado muerto en su departamento\". Cita, adem\u00e1s, al analista pol\u00edtico Sergio Berensztein, que dice que ese pedido, si se hubiera concretado, \"habr\u00eda provocado una crisis sin precedentes en la Argentina\" y desatado \"un esc\u00e1ndalo de proporciones nunca vistas\", agreg\u00f3.<\/p>\n<p>El diario consigna que la presidenta, de viaje por China, no hizo comentarios respecto al borrador.<\/p>\n<p>Se\u00f1ala tambi\u00e9n que hubo \"confusi\u00f3n\" sobre el documento hallado en la casa de Nisman porque \"la fiscal Fein inicialmente neg\u00f3 su existencia, luego de que el diario Clar\u00edn publicara un art\u00edculo el domingo sobre el borrador\". Luego menciona que Capitanich rompi\u00f3 el diario con el art\u00edculo frente a los periodistas, pero que luego la fiscal se retract\u00f3 y \"confirm\u00f3 la existencia del borrador, que Clar\u00edn dijo que hab\u00eda sido preparado en junio de 2014, m\u00e1s de seis meses antes de que Nisman hiciera p\u00fablicas sus acusaciones contra la presidenta\".<\/p>\n<p>El diario neoyorquino viene publicando notas sobre el caso. Incluso escribi\u00f3 un editorial donde ped\u00eda una investigaci\u00f3n \"independiente y transparente\" sobre la muerte y suger\u00eda el aporte de juristas extranjeros para ayudar en la causa. Tambi\u00e9n el diario The Washington Post \u2013que ayer escribi\u00f3 un largo art\u00edculo con un perfil del fiscal en su portada-- y The Wall Street Journal siguen con atenci\u00f3n el tema.<\/p>\n","protected":false},"excerpt":{"rendered":"<p>El diario The New York Times, que sigue muy de cerca junto con otros medios estadounidenses la misteriosa muerte de Alberto Nisman, public\u00f3 hoy como noticia principal en su sitio web que en la casa del fiscal hab\u00edan encontrado un borrador de un pedido de arresto de la presidenta Cristina Fern\u00e1ndez de Kirchner y otros [&hellip;]<\/p>\n","protected":false},"author":1,"featured_media":15102,"comment_status":"open","ping_status":"open","sticky":false,"template":"","format":"standard","meta":{"_stopmodifiedupdate":false,"_modified_date":"","inline_featured_image":false},"categories":[6],"tags":[],"jetpack_featured_media_url":"https:\/\/notinor.com\/jujuy\/wp-content\/uploads\/2015\/02\/nyt-arresto-cristina.jpg","_links":{"self":[{"href":"https:\/\/notinor.com\/jujuy\/wp-json\/wp\/v2\/posts\/15101"}],"collection":[{"href":"https:\/\/notinor.com\/jujuy\/wp-json\/wp\/v2\/posts"}],"about":[{"href":"https:\/\/notinor.com\/jujuy\/wp-json\/wp\/v2\/types\/post"}],"author":[{"embeddable":true,"href":"https:\/\/notinor.com\/jujuy\/wp-json\/wp\/v2\/users\/1"}],"replies":[{"embeddable":true,"href":"https:\/\/notinor.com\/jujuy\/wp-json\/wp\/v2\/comments?post=15101"}],"version-history":[{"count":1,"href":"https:\/\/notinor.com\/jujuy\/wp-json\/wp\/v2\/posts\/15101\/revisions"}],"predecessor-version":[{"id":15103,"href":"https:\/\/notinor.com\/jujuy\/wp-json\/wp\/v2\/posts\/15101\/revisions\/15103"}],"wp:featuredmedia":[{"embeddable":true,"href":"https:\/\/notinor.com\/jujuy\/wp-json\/wp\/v2\/media\/15102"}],"wp:attachment":[{"href":"https:\/\/notinor.com\/jujuy\/wp-json\/wp\/v2\/media?parent=15101"}],"wp:term":[{"taxonomy":"category","embeddable":true,"href":"https:\/\/notinor.com\/jujuy\/wp-json\/wp\/v2\/categories?post=15101"},{"taxonomy":"post_tag","embeddable":true,"href":"https:\/\/notinor.com\/jujuy\/wp-json\/wp\/v2\/tags?post=15101"}],"curies":[{"name":"wp","href":"https:\/\/api.w.org\/{rel}","templated":true}]}}