{"id":15098,"date":"2015-02-04T00:02:18","date_gmt":"2015-02-04T03:02:18","guid":{"rendered":"http:\/\/notinor.com\/jujuy\/?p=15098"},"modified":"2015-02-03T21:48:41","modified_gmt":"2015-02-04T00:48:41","slug":"la-resistencia-irani-pidio-al-papa-interceder-para-garantizar-la-investigacion-del-caso-amia","status":"publish","type":"post","link":"https:\/\/notinor.com\/jujuy\/la-resistencia-irani-pidio-al-papa-interceder-para-garantizar-la-investigacion-del-caso-amia\/","title":{"rendered":"La resistencia iran\u00ed pidi\u00f3 al Papa interceder para garantizar la investigaci\u00f3n del caso AMIA"},"content":{"rendered":"<p>En un mensaje al Pont\u00edfice divulgado hoy, la presidente del Consejo Nacional de Resistencia Iran\u00ed (CNRI), Maryam Rajavi, se\u00f1ala que la intervenci\u00f3n del Papa puede \"impedir que se sacrifiquen la justicia y la verdad\" y destaca las palabras de Francisco para que \"se haga justicia\" en este asunto.<\/p>\n<p>Rajavi asegur\u00f3 que el CNRI est\u00e1 impactado por la noticia del \"asesinato del valiente fiscal Alberto Nisman\", que \"estaba convencido de que la atrocidad\" del atentado con bomba contra la AMIA, que caus\u00f3 85 muertos en 1994, fue \"perpetrado por los l\u00edderes del inhumano r\u00e9gimen que gobierna Ir\u00e1n\".<\/p>\n<p>La presidente del CNRI agrega que este grupo de resistencia al r\u00e9gimen de Teher\u00e1n hab\u00eda ofrecido informaci\u00f3n a la Justicia argentina sobre la implicaci\u00f3n de las autoridades iran\u00edes en esa acci\u00f3n. En concreto, seg\u00fan dijo a EFE un vocero, se dieron \"detalles sobre c\u00f3mo se tom\u00f3 la decisi\u00f3n\" del atentado de Buenos Aires, \"a qu\u00e9 nivel se adopt\u00f3\" y c\u00f3mo funcion\u00f3 \"la cadena de mando\". Son informaciones que ya se han hecho p\u00fablicas, reconoci\u00f3 el vocero.<\/p>\n<p>Adem\u00e1s, esta organizaci\u00f3n denuncia que \"el silencio\" sobre el asesinato de Nisman \"envalentona el fascismo religioso que gobierna Ir\u00e1n y sus bandas terroristas asociadas para perpetrar m\u00e1s cr\u00edmenes\". Agreg\u00f3 que durante los 36 a\u00f1os que el r\u00e9gimen lleva en el poder, \"ha ejecutado a 120.000 iran\u00edes por defender la verdad y ha asesinado a docenas de responsables de la oposici\u00f3n en diferentes pa\u00edses\".<\/p>\n<p>Maryam Rajavi es una de las tantas personas que pens\u00f3 que, con la Revoluci\u00f3n Isl\u00e1mica, Ir\u00e1n encontrar\u00eda un nuevo despertar y qued\u00f3 desilusionada. Hoy, 34 a\u00f1os despu\u00e9s de ese hito, lidera desde Par\u00eds la resistencia al r\u00e9gimen impuesto por el ayatollah Al\u00ed Khamenei. Rajavi se ha convertido en un s\u00edmbolo de la defensa de los derechos humanos, las libertades individuales y la democracia en Medio Oriente. Ha dado la vuelta al mundo para demostrar que otra realidad es posible en los pa\u00edses musulmanes; y lo ha hecho cubierta con la hiyab para probar que el problema no es el islam, sino lo que ciertos l\u00edderes y extremistas han hecho con \u00e9l.<\/p>\n","protected":false},"excerpt":{"rendered":"<p>En un mensaje al Pont\u00edfice divulgado hoy, la presidente del Consejo Nacional de Resistencia Iran\u00ed (CNRI), Maryam Rajavi, se\u00f1ala que la intervenci\u00f3n del Papa puede \"impedir que se sacrifiquen la justicia y la verdad\" y destaca las palabras de Francisco para que \"se haga justicia\" en este asunto. Rajavi asegur\u00f3 que el CNRI est\u00e1 impactado [&hellip;]<\/p>\n","protected":false},"author":1,"featured_media":15099,"comment_status":"open","ping_status":"open","sticky":false,"template":"","format":"standard","meta":{"_stopmodifiedupdate":false,"_modified_date":"","inline_featured_image":false},"categories":[6],"tags":[],"jetpack_featured_media_url":"https:\/\/notinor.com\/jujuy\/wp-content\/uploads\/2015\/02\/resistencia-irani.jpg","_links":{"self":[{"href":"https:\/\/notinor.com\/jujuy\/wp-json\/wp\/v2\/posts\/15098"}],"collection":[{"href":"https:\/\/notinor.com\/jujuy\/wp-json\/wp\/v2\/posts"}],"about":[{"href":"https:\/\/notinor.com\/jujuy\/wp-json\/wp\/v2\/types\/post"}],"author":[{"embeddable":true,"href":"https:\/\/notinor.com\/jujuy\/wp-json\/wp\/v2\/users\/1"}],"replies":[{"embeddable":true,"href":"https:\/\/notinor.com\/jujuy\/wp-json\/wp\/v2\/comments?post=15098"}],"version-history":[{"count":1,"href":"https:\/\/notinor.com\/jujuy\/wp-json\/wp\/v2\/posts\/15098\/revisions"}],"predecessor-version":[{"id":15100,"href":"https:\/\/notinor.com\/jujuy\/wp-json\/wp\/v2\/posts\/15098\/revisions\/15100"}],"wp:featuredmedia":[{"embeddable":true,"href":"https:\/\/notinor.com\/jujuy\/wp-json\/wp\/v2\/media\/15099"}],"wp:attachment":[{"href":"https:\/\/notinor.com\/jujuy\/wp-json\/wp\/v2\/media?parent=15098"}],"wp:term":[{"taxonomy":"category","embeddable":true,"href":"https:\/\/notinor.com\/jujuy\/wp-json\/wp\/v2\/categories?post=15098"},{"taxonomy":"post_tag","embeddable":true,"href":"https:\/\/notinor.com\/jujuy\/wp-json\/wp\/v2\/tags?post=15098"}],"curies":[{"name":"wp","href":"https:\/\/api.w.org\/{rel}","templated":true}]}}