{"id":150898,"date":"2017-12-21T07:43:01","date_gmt":"2017-12-21T10:43:01","guid":{"rendered":"http:\/\/notinor.com\/jujuy\/?p=150898"},"modified":"2017-12-21T07:45:32","modified_gmt":"2017-12-21T10:45:32","slug":"la-esperanza-juarez-y-bautista-se-entregaron-a-la-justicia","status":"publish","type":"post","link":"https:\/\/notinor.com\/jujuy\/la-esperanza-juarez-y-bautista-se-entregaron-a-la-justicia\/","title":{"rendered":"La Esperanza:  Juarez y Bautista se entregaron a la Justicia"},"content":{"rendered":"<p>Luego de que el gobernador los tildara de \"delincuentes\" y con un pedido de captura por parte de la Justicia, los sindicalistas N\u00e9stor Bautista y Sergio Juarez, decidieron ponerse a derecho luego de una conferencia de prensa celebrada anoche en la sede sindical de SOEA.<\/p>\n<p><a href=\"http:\/\/notinor.com\/jujuy\/wp-content\/uploads\/2017\/12\/juarez.jpg\"><img decoding=\"async\" loading=\"lazy\" class=\"alignnone size-full wp-image-150899\" src=\"http:\/\/notinor.com\/jujuy\/wp-content\/uploads\/2017\/12\/juarez.jpg\" alt=\"juarez\" width=\"665\" height=\"418\" \/><\/a><\/p>\n<p>\u201cEl gobernador Morales nos tilda de delincuentes y como nosotros no somos ningunos delincuentes hemos decidido entregarnos a la Justicia\", expres\u00f3 el Secretario Gremial N\u00e9stor Bautista.<\/p>\n<p>\"Resulta que somos delincuentes por defender nuestra fuente de trabajo\u201d, se quej\u00f3 y agreg\u00f3 \"no es posible que nos quieran callar la boca\".<\/p>\n<p>Entre los empleados y obreros del Ingenio La Esperanza cunde el rumor de que estas detenciones se dan en un contexto persecutorio con el fin de dejar ac\u00e9falo al sindicato.<\/p>\n<p>\"Estamos viendo como viene este gobierno\", advirti\u00f3 el Secretario General, sergio Juarez, quien recomend\u00f3 a sus comap\u00f1eros tener cautela de que se produzcan nuevas detenciones en el marco de una supuesta persecusi\u00f3n.<\/p>\n<p>Luego de la conferencia de prensa, ambos gremialistas se dirigieron a la Seccional 25\u00b0 de La Esperanza y se entregaron a la Justicia.<\/p>\n<h2>EL SALDO DE UNA JORNADA DE FURIA<\/h2>\n<p>Luego de tres d\u00edas de medidas de fuerza y cortes de ruta, Polic\u00eda de la provincia dio cumplimiento a una orden judicial de desalojo, hecho que desencadeno en corridas y posterior marcha de los empleados y obreros de SOEA por el centro de La Esperanza y San Pedro, causando a su paso destrozos en edificios p\u00fablicos.<\/p>\n<p>El saldo de la jornada fueron unos 20 polic\u00edas heridos de diversa gravedad, algunos hospitalizados, y unos 24 detenidos que el jefe de Polic\u00eda, Guillermo corro dio a conocer.<\/p>\n<p>Seccional 27 - La Mendieta<br \/>\nGaspar Cipriano<br \/>\nAlmazan Julio Carlos<br \/>\nSim\u00f3n Miguel<br \/>\nVides Ren\u00e9<br \/>\nCastro Ernesto<br \/>\nRomero Ricardo<br \/>\nZambrano Jos\u00e9<br \/>\nArroyo Benedicto<br \/>\nMolina Hugo<br \/>\nDelgado Oscar<br \/>\nLedesma Martino<br \/>\nAvenda\u00f1o Gustavo<br \/>\nAlmazan Carlos<br \/>\nBasualdo Graciela<\/p>\n<p>Seccional 35 - San Jos\u00e9<br \/>\nRodr\u00edguez Arturo<br \/>\nAguilar Rodolfo<br \/>\nZambrana Claudio<br \/>\nTorres Carlos<br \/>\nVargas Pedro<br \/>\nTejerina Mario<br \/>\nL\u00f3pez Julio<br \/>\nRodolfo Flavio<\/p>\n<p>Seccional 26 - Barrio Belgrano<br \/>\nBejarano Miriam<br \/>\nRubelt Ricardo<\/p>\n<p>Corro afirm\u00f3 que \u201cdentro del grupo de manifestantes hay personas que nada tienen que ver con el ingenio azucarero\".<\/p>\n<p>Luego de los grav\u00edsimos incidentes de ayer y el temor generado entre la poblaci\u00f3n que cerr\u00f3 puertas de casas y negocios por rumores de saqueo, el Jefe de Polic\u00eda dispuso de un redoblamiento de la seguridad, tanto el San Pedro como La Esperanza.<\/p>\n","protected":false},"excerpt":{"rendered":"<p>Luego de que el gobernador los tildara de \"delincuentes\" y con un pedido de captura por parte de la Justicia, los sindicalistas N\u00e9stor Bautista y Sergio Juarez, decidieron ponerse a derecho luego de una conferencia de prensa celebrada anoche en la sede sindical de SOEA. \u201cEl gobernador Morales nos tilda de delincuentes y como nosotros [&hellip;]<\/p>\n","protected":false},"author":1,"featured_media":150899,"comment_status":"open","ping_status":"open","sticky":false,"template":"","format":"standard","meta":{"_stopmodifiedupdate":false,"_modified_date":"","inline_featured_image":false},"categories":[485],"tags":[],"jetpack_featured_media_url":"https:\/\/notinor.com\/jujuy\/wp-content\/uploads\/2017\/12\/juarez.jpg","_links":{"self":[{"href":"https:\/\/notinor.com\/jujuy\/wp-json\/wp\/v2\/posts\/150898"}],"collection":[{"href":"https:\/\/notinor.com\/jujuy\/wp-json\/wp\/v2\/posts"}],"about":[{"href":"https:\/\/notinor.com\/jujuy\/wp-json\/wp\/v2\/types\/post"}],"author":[{"embeddable":true,"href":"https:\/\/notinor.com\/jujuy\/wp-json\/wp\/v2\/users\/1"}],"replies":[{"embeddable":true,"href":"https:\/\/notinor.com\/jujuy\/wp-json\/wp\/v2\/comments?post=150898"}],"version-history":[{"count":1,"href":"https:\/\/notinor.com\/jujuy\/wp-json\/wp\/v2\/posts\/150898\/revisions"}],"predecessor-version":[{"id":150900,"href":"https:\/\/notinor.com\/jujuy\/wp-json\/wp\/v2\/posts\/150898\/revisions\/150900"}],"wp:featuredmedia":[{"embeddable":true,"href":"https:\/\/notinor.com\/jujuy\/wp-json\/wp\/v2\/media\/150899"}],"wp:attachment":[{"href":"https:\/\/notinor.com\/jujuy\/wp-json\/wp\/v2\/media?parent=150898"}],"wp:term":[{"taxonomy":"category","embeddable":true,"href":"https:\/\/notinor.com\/jujuy\/wp-json\/wp\/v2\/categories?post=150898"},{"taxonomy":"post_tag","embeddable":true,"href":"https:\/\/notinor.com\/jujuy\/wp-json\/wp\/v2\/tags?post=150898"}],"curies":[{"name":"wp","href":"https:\/\/api.w.org\/{rel}","templated":true}]}}