{"id":15089,"date":"2015-02-04T00:04:03","date_gmt":"2015-02-04T03:04:03","guid":{"rendered":"http:\/\/notinor.com\/jujuy\/?p=15089"},"modified":"2015-02-03T21:37:17","modified_gmt":"2015-02-04T00:37:17","slug":"caso-nisman-perassi-lamento-la-baja-calidad-de-la-politica","status":"publish","type":"post","link":"https:\/\/notinor.com\/jujuy\/caso-nisman-perassi-lamento-la-baja-calidad-de-la-politica\/","title":{"rendered":"Caso Nisman:  Perassi lament\u00f3 la baja calidad de la pol\u00edtica"},"content":{"rendered":"<p>El diputado provincial Agust\u00edn Perassi manifest\u00f3 que la muerte del fiscal Alberto Nisman es un hecho de suma gravedad institucional y de que las respuestas otorgadas por los miembros de las instituciones responsables no han sido las adecuadas al momento y al respeto que se debe tener por este tipo de cuestiones, como es la muerte de un integrante de la Justicia. \u00a0En igual sentido se hab\u00eda expresado su par<a href=\"http:\/\/notinor.com\/jujuy\/?p=14025\"> Alejandro Snopek en una entrevista exclusiva con NOTINOR.COM.<\/a><\/p>\n<p>En este marco, el ex gobernador de la Provincia contin\u00fao: \"El hecho de que muera una persona ya es malo de por s\u00ed, cualquiera sea su causa, pero mucho m\u00e1s grave es que el fallecido haya sido un representante de la instituci\u00f3n judicial que se encontraba en un proceso de investigaci\u00f3n de lo acaecido en el atentado a la Amia, en el medio de denuncias que involucraban al Poder Ejecutivo Nacional\".<\/p>\n<p>M\u00e1s adelante, Perassi lament\u00f3 que los responsables de conducir algunas de las instituciones pertinentes salgan a hablar como si fueran espectadores de situaciones que nos los involucran, empiecen a deslindar responsabilidades utilizando bajezas o t\u00e9rminos que no vienen al caso, o realicen acusaciones menores a otras personas. \" No se entiende que la presidenta de la Naci\u00f3n, que fue elegida para conducir los destinos de todos los argentinos, se ponga a hablar y escribir como si fuera una periodista m\u00e1s, cuando la responsabilidad de los hechos -en su gran magnitud- est\u00e1n en la presidencia de la Naci\u00f3n\", agreg\u00f3.<\/p>\n<p>\"No hay que olvidar que cuando un tema de seguridad fracasa, por m\u00e1s que sea ocasionado por un error de funcionarios menores, la responsabilidad es de qui\u00e9n pone a los funcionarios. La gente con su voto no elige a los funcionarios, sino a quienes a van a ser los responsables de salvaguardar el buen funcionamiento de las instituciones\" se\u00f1al\u00f3, en otro tramo de sus declaraciones, el legislador provincial.<\/p>\n<p>Para finalizar, el referente de Primero Jujuy reflexion\u00f3 sobre las diversas reacciones de los ciudadanos del pa\u00eds que se vienen dando en torno al fallecimiento del fiscal Nisman. \"Los cacerolazos y las manifestaciones populares que se est\u00e1n registrando en torno al caso Nisman ponen en evidencia la falta de credibilidad que existe hoy hacia la pol\u00edtica, como as\u00ed tambi\u00e9n, el desmerecimiento que se le est\u00e1 haciendo a las instituciones por parte de quienes hoy nos gobiernan\", concluy\u00f3.<\/p>\n","protected":false},"excerpt":{"rendered":"<p>El diputado provincial Agust\u00edn Perassi manifest\u00f3 que la muerte del fiscal Alberto Nisman es un hecho de suma gravedad institucional y de que las respuestas otorgadas por los miembros de las instituciones responsables no han sido las adecuadas al momento y al respeto que se debe tener por este tipo de cuestiones, como es la [&hellip;]<\/p>\n","protected":false},"author":1,"featured_media":15090,"comment_status":"open","ping_status":"open","sticky":false,"template":"","format":"standard","meta":{"_stopmodifiedupdate":false,"_modified_date":"","inline_featured_image":false},"categories":[485],"tags":[],"jetpack_featured_media_url":"https:\/\/notinor.com\/jujuy\/wp-content\/uploads\/2015\/02\/perassi.jpg","_links":{"self":[{"href":"https:\/\/notinor.com\/jujuy\/wp-json\/wp\/v2\/posts\/15089"}],"collection":[{"href":"https:\/\/notinor.com\/jujuy\/wp-json\/wp\/v2\/posts"}],"about":[{"href":"https:\/\/notinor.com\/jujuy\/wp-json\/wp\/v2\/types\/post"}],"author":[{"embeddable":true,"href":"https:\/\/notinor.com\/jujuy\/wp-json\/wp\/v2\/users\/1"}],"replies":[{"embeddable":true,"href":"https:\/\/notinor.com\/jujuy\/wp-json\/wp\/v2\/comments?post=15089"}],"version-history":[{"count":1,"href":"https:\/\/notinor.com\/jujuy\/wp-json\/wp\/v2\/posts\/15089\/revisions"}],"predecessor-version":[{"id":15091,"href":"https:\/\/notinor.com\/jujuy\/wp-json\/wp\/v2\/posts\/15089\/revisions\/15091"}],"wp:featuredmedia":[{"embeddable":true,"href":"https:\/\/notinor.com\/jujuy\/wp-json\/wp\/v2\/media\/15090"}],"wp:attachment":[{"href":"https:\/\/notinor.com\/jujuy\/wp-json\/wp\/v2\/media?parent=15089"}],"wp:term":[{"taxonomy":"category","embeddable":true,"href":"https:\/\/notinor.com\/jujuy\/wp-json\/wp\/v2\/categories?post=15089"},{"taxonomy":"post_tag","embeddable":true,"href":"https:\/\/notinor.com\/jujuy\/wp-json\/wp\/v2\/tags?post=15089"}],"curies":[{"name":"wp","href":"https:\/\/api.w.org\/{rel}","templated":true}]}}