{"id":15087,"date":"2015-02-04T00:01:03","date_gmt":"2015-02-04T03:01:03","guid":{"rendered":"http:\/\/notinor.com\/jujuy\/?p=15087"},"modified":"2015-02-03T22:19:22","modified_gmt":"2015-02-04T01:19:22","slug":"denuncian-que-el-secretario-de-cultura-intenta-despedir-a-cuatro-trabajadores","status":"publish","type":"post","link":"https:\/\/notinor.com\/jujuy\/denuncian-que-el-secretario-de-cultura-intenta-despedir-a-cuatro-trabajadores\/","title":{"rendered":"Denuncian que el secretario de cultura intenta despedir a cuatro trabajadores"},"content":{"rendered":"<p>El conflicto entra en un comp\u00e1s de espera hasta el lunes, d\u00eda en que el gobierno se comprometi\u00f3 a dar una respuesta, mientras tanto, los compa\u00f1eros se presentar\u00e1n en el lugar de trabajo bajo protesta.<\/p>\n<p>Este conflicto se hab\u00eda resuelto en el mes de enero, luego de los planteos realizados desde ATE al Secretario de Cultura, sobre el derecho a la continuidad laboral de los compa\u00f1eros y que no se puede despedir trabajadores por antojo y sin justificaci\u00f3n, cuestiones que nuevamente fueron recordadas a estos otros funcionarios.<\/p>\n<p>Nuevamente nos encontramos con un caso de mala fe negociadora, donde se vulnera el compromiso asumido y el acta firmada en el mes de marzo de 2014 entre la Intersindical y el Gobierno Provincial.<\/p>\n<p>En un comunicado, ATE exige la reincorporaci\u00f3n de los compa\u00f1eros y basta de violencia laboral en todos los lugares de trabajo.<\/p>\n","protected":false},"excerpt":{"rendered":"<p>El conflicto entra en un comp\u00e1s de espera hasta el lunes, d\u00eda en que el gobierno se comprometi\u00f3 a dar una respuesta, mientras tanto, los compa\u00f1eros se presentar\u00e1n en el lugar de trabajo bajo protesta. Este conflicto se hab\u00eda resuelto en el mes de enero, luego de los planteos realizados desde ATE al Secretario de [&hellip;]<\/p>\n","protected":false},"author":1,"featured_media":15116,"comment_status":"open","ping_status":"open","sticky":false,"template":"","format":"standard","meta":{"_stopmodifiedupdate":false,"_modified_date":"","inline_featured_image":false},"categories":[485],"tags":[],"jetpack_featured_media_url":"https:\/\/notinor.com\/jujuy\/wp-content\/uploads\/2015\/02\/sec-cultura-2.jpg","_links":{"self":[{"href":"https:\/\/notinor.com\/jujuy\/wp-json\/wp\/v2\/posts\/15087"}],"collection":[{"href":"https:\/\/notinor.com\/jujuy\/wp-json\/wp\/v2\/posts"}],"about":[{"href":"https:\/\/notinor.com\/jujuy\/wp-json\/wp\/v2\/types\/post"}],"author":[{"embeddable":true,"href":"https:\/\/notinor.com\/jujuy\/wp-json\/wp\/v2\/users\/1"}],"replies":[{"embeddable":true,"href":"https:\/\/notinor.com\/jujuy\/wp-json\/wp\/v2\/comments?post=15087"}],"version-history":[{"count":1,"href":"https:\/\/notinor.com\/jujuy\/wp-json\/wp\/v2\/posts\/15087\/revisions"}],"predecessor-version":[{"id":15088,"href":"https:\/\/notinor.com\/jujuy\/wp-json\/wp\/v2\/posts\/15087\/revisions\/15088"}],"wp:featuredmedia":[{"embeddable":true,"href":"https:\/\/notinor.com\/jujuy\/wp-json\/wp\/v2\/media\/15116"}],"wp:attachment":[{"href":"https:\/\/notinor.com\/jujuy\/wp-json\/wp\/v2\/media?parent=15087"}],"wp:term":[{"taxonomy":"category","embeddable":true,"href":"https:\/\/notinor.com\/jujuy\/wp-json\/wp\/v2\/categories?post=15087"},{"taxonomy":"post_tag","embeddable":true,"href":"https:\/\/notinor.com\/jujuy\/wp-json\/wp\/v2\/tags?post=15087"}],"curies":[{"name":"wp","href":"https:\/\/api.w.org\/{rel}","templated":true}]}}