{"id":15081,"date":"2015-02-04T00:04:20","date_gmt":"2015-02-04T03:04:20","guid":{"rendered":"http:\/\/notinor.com\/jujuy\/?p=15081"},"modified":"2015-02-03T21:25:55","modified_gmt":"2015-02-04T00:25:55","slug":"personas-buscadas-45","status":"publish","type":"post","link":"https:\/\/notinor.com\/jujuy\/personas-buscadas-45\/","title":{"rendered":"PERSONAS BUSCADAS"},"content":{"rendered":"<p>JAZMIN ROSARIO MAMANI de 15 a\u00f1os, con domicilio en el asentamiento del ex Aeroclub Jujuy, del barrio Alto Comedero, se ausenta desde el 01 de febrero del corriente a\u00f1o. La menor tiene una estatura de un metro con 65 cent\u00edmetros, cabellos lacios ondulados, de contextura f\u00edsica delgada, tez trigue\u00f1a. La \u00faltima vez que la vieron vest\u00eda una remera blanca, una pollera corta de color negro y calza zapatillas blancas.<\/p>\n<p>CASANDRA CRISTO de 14 a\u00f1os con domicilio en el Loteo Las Tipas, ubicado en el barrio 2 de Abril de la ciudad de Palpal\u00e1, se ausenta desde hace varios d\u00edas atr\u00e1s. La menor es de tez trigue\u00f1a, estatura de 1.70 mts. Cabellos casta\u00f1os, contextura f\u00edsica delgada,<\/p>\n<p>LUCIANA NOEMI GARZON, de 12 a\u00f1os con domicilio en barrio Alto Palpala, se ausenta de su domicilio desde el 28 de enero. La protagonsta tiene una estatura de un metro con 50 cent\u00edmetros, es de contextura f\u00edsica robusta, cabellos lacios de color negros; vest\u00eda una musculosa color rosa, pantal\u00f3n corto color anaranjado y zapatillas negras.<\/p>\n<p>FRANCO MAURICIO BALDERRAMA de 15 a\u00f1os del barrio Gorriti, falta de su hogar desde el 31 de enero del corriente a\u00f1o. El menor tiene una estatura aproximada al metro con 65 cent\u00edmetros, es de contextura f\u00edsica delgada, tez trigue\u00f1a, cabellos cortos de color negro; vest\u00eda un pantal\u00f3n corto y zapatillas; sin precisar m\u00e1s datos.<\/p>\n<p>CARLA PAOLA ORIHUELA de 17 a\u00f1os, con domicilio en barrio Los Huaicos, se ausenta desde el 27 de enero. La adolescente es de contextura f\u00edsica delgada, tiene una estatura de un metro con cent\u00edmetros y es de tez trigue\u00f1a.<\/p>\n<p>&nbsp;<\/p>\n","protected":false},"excerpt":{"rendered":"<p>JAZMIN ROSARIO MAMANI de 15 a\u00f1os, con domicilio en el asentamiento del ex Aeroclub Jujuy, del barrio Alto Comedero, se ausenta desde el 01 de febrero del corriente a\u00f1o. La menor tiene una estatura de un metro con 65 cent\u00edmetros, cabellos lacios ondulados, de contextura f\u00edsica delgada, tez trigue\u00f1a. La \u00faltima vez que la vieron [&hellip;]<\/p>\n","protected":false},"author":1,"featured_media":10915,"comment_status":"open","ping_status":"open","sticky":false,"template":"","format":"standard","meta":{"_stopmodifiedupdate":false,"_modified_date":"","inline_featured_image":false},"categories":[3],"tags":[],"jetpack_featured_media_url":"https:\/\/notinor.com\/jujuy\/wp-content\/uploads\/2015\/01\/SE-BUSCA.jpg","_links":{"self":[{"href":"https:\/\/notinor.com\/jujuy\/wp-json\/wp\/v2\/posts\/15081"}],"collection":[{"href":"https:\/\/notinor.com\/jujuy\/wp-json\/wp\/v2\/posts"}],"about":[{"href":"https:\/\/notinor.com\/jujuy\/wp-json\/wp\/v2\/types\/post"}],"author":[{"embeddable":true,"href":"https:\/\/notinor.com\/jujuy\/wp-json\/wp\/v2\/users\/1"}],"replies":[{"embeddable":true,"href":"https:\/\/notinor.com\/jujuy\/wp-json\/wp\/v2\/comments?post=15081"}],"version-history":[{"count":2,"href":"https:\/\/notinor.com\/jujuy\/wp-json\/wp\/v2\/posts\/15081\/revisions"}],"predecessor-version":[{"id":15083,"href":"https:\/\/notinor.com\/jujuy\/wp-json\/wp\/v2\/posts\/15081\/revisions\/15083"}],"wp:featuredmedia":[{"embeddable":true,"href":"https:\/\/notinor.com\/jujuy\/wp-json\/wp\/v2\/media\/10915"}],"wp:attachment":[{"href":"https:\/\/notinor.com\/jujuy\/wp-json\/wp\/v2\/media?parent=15081"}],"wp:term":[{"taxonomy":"category","embeddable":true,"href":"https:\/\/notinor.com\/jujuy\/wp-json\/wp\/v2\/categories?post=15081"},{"taxonomy":"post_tag","embeddable":true,"href":"https:\/\/notinor.com\/jujuy\/wp-json\/wp\/v2\/tags?post=15081"}],"curies":[{"name":"wp","href":"https:\/\/api.w.org\/{rel}","templated":true}]}}