{"id":15079,"date":"2015-02-04T00:02:42","date_gmt":"2015-02-04T03:02:42","guid":{"rendered":"http:\/\/notinor.com\/jujuy\/?p=15079"},"modified":"2015-02-03T21:24:10","modified_gmt":"2015-02-04T00:24:10","slug":"malvinas-arrestaron-a-sujeto-que-se-apodero-de-una-moto","status":"publish","type":"post","link":"https:\/\/notinor.com\/jujuy\/malvinas-arrestaron-a-sujeto-que-se-apodero-de-una-moto\/","title":{"rendered":"MALVINAS:  ARRESTARON A SUJETO QUE SE APODER\u00d3 DE UNA MOTO"},"content":{"rendered":"<p>El procedimiento se produjo luego en la comisar\u00eda del barrio Malvinas una mujer denunciara que su hijo habr\u00eda sufrido los \u00faltimos d\u00edas de enero el robo de su motocicleta que estaba estacionada en la vereda de la casa.<\/p>\n<p>De las averiguaciones del caso se estableci\u00f3 que dicho rodado estaba siendo conducido por un sujeto por las mismas calles de aquella populosa barriada. Por este motivo se instal\u00f3 un puesto de vigilancia en un comercio donde se hallaba la motocicleta y cuando el supuesto ladr\u00f3n intento subir a la misma fue demorado por los uniformados.<\/p>\n","protected":false},"excerpt":{"rendered":"<p>El procedimiento se produjo luego en la comisar\u00eda del barrio Malvinas una mujer denunciara que su hijo habr\u00eda sufrido los \u00faltimos d\u00edas de enero el robo de su motocicleta que estaba estacionada en la vereda de la casa. De las averiguaciones del caso se estableci\u00f3 que dicho rodado estaba siendo conducido por un sujeto por [&hellip;]<\/p>\n","protected":false},"author":1,"featured_media":1539,"comment_status":"open","ping_status":"open","sticky":false,"template":"","format":"standard","meta":{"_stopmodifiedupdate":false,"_modified_date":"","inline_featured_image":false},"categories":[3],"tags":[],"jetpack_featured_media_url":"https:\/\/notinor.com\/jujuy\/wp-content\/uploads\/2014\/10\/movil-2.jpg","_links":{"self":[{"href":"https:\/\/notinor.com\/jujuy\/wp-json\/wp\/v2\/posts\/15079"}],"collection":[{"href":"https:\/\/notinor.com\/jujuy\/wp-json\/wp\/v2\/posts"}],"about":[{"href":"https:\/\/notinor.com\/jujuy\/wp-json\/wp\/v2\/types\/post"}],"author":[{"embeddable":true,"href":"https:\/\/notinor.com\/jujuy\/wp-json\/wp\/v2\/users\/1"}],"replies":[{"embeddable":true,"href":"https:\/\/notinor.com\/jujuy\/wp-json\/wp\/v2\/comments?post=15079"}],"version-history":[{"count":1,"href":"https:\/\/notinor.com\/jujuy\/wp-json\/wp\/v2\/posts\/15079\/revisions"}],"predecessor-version":[{"id":15080,"href":"https:\/\/notinor.com\/jujuy\/wp-json\/wp\/v2\/posts\/15079\/revisions\/15080"}],"wp:featuredmedia":[{"embeddable":true,"href":"https:\/\/notinor.com\/jujuy\/wp-json\/wp\/v2\/media\/1539"}],"wp:attachment":[{"href":"https:\/\/notinor.com\/jujuy\/wp-json\/wp\/v2\/media?parent=15079"}],"wp:term":[{"taxonomy":"category","embeddable":true,"href":"https:\/\/notinor.com\/jujuy\/wp-json\/wp\/v2\/categories?post=15079"},{"taxonomy":"post_tag","embeddable":true,"href":"https:\/\/notinor.com\/jujuy\/wp-json\/wp\/v2\/tags?post=15079"}],"curies":[{"name":"wp","href":"https:\/\/api.w.org\/{rel}","templated":true}]}}