{"id":150598,"date":"2017-12-19T23:34:26","date_gmt":"2017-12-20T02:34:26","guid":{"rendered":"http:\/\/notinor.com\/jujuy\/?p=150598"},"modified":"2018-01-10T08:07:39","modified_gmt":"2018-01-10T11:07:39","slug":"bernis-sobre-la-ultima-sesion-del-ano-en-la-legislatura","status":"publish","type":"post","link":"https:\/\/notinor.com\/jujuy\/bernis-sobre-la-ultima-sesion-del-ano-en-la-legislatura\/","title":{"rendered":"Bernis sobre la ultima sesi\u00f3n del a\u00f1o en la legislatura"},"content":{"rendered":"<p>El Diputado provincial y presidente del bloque radical, Alberto \u201cPiki\u201d Bernis, confirm\u00f3 que habr\u00e1 sesi\u00f3n este jueves 21 en la C\u00e1mara de Diputados de Jujuy.<\/p>\n<p>De esta manera, los legisladores trataran, en sesi\u00f3n especial, el pliego para el nombramiento de jueces y concluida esta etapa, ya en \u00a0en sesi\u00f3n extraordinaria, debatir\u00e1n la adhesi\u00f3n a la Ley Nacional de ART y la Emergencia de Seguridad y Transporte, se\u00f1al\u00f3.<\/p>\n<p><a href=\"http:\/\/notinor.com\/jujuy\/wp-content\/uploads\/2017\/12\/25530146_10156049882079708_832905952_n.jpg\"><img decoding=\"async\" loading=\"lazy\" class=\"alignnone size-full wp-image-150599\" src=\"http:\/\/notinor.com\/jujuy\/wp-content\/uploads\/2017\/12\/25530146_10156049882079708_832905952_n.jpg\" alt=\"25530146_10156049882079708_832905952_n\" width=\"800\" height=\"533\" \/><\/a><\/p>\n<p>Bernis expuso que los pliegos para el nombramiento de jueces surgieron de la selecci\u00f3n por concursos de antecedentes que realiz\u00f3 la comisi\u00f3n evaluadora, encargada de esa tarea.<\/p>\n<p>De la misma manera adelant\u00f3 que hoy mi\u00e9rcoles, en labor parlamentaria, los diputados definir\u00e1n la hora y los otros temas a tratar en dicha sesi\u00f3n.<\/p>\n<p>Asimismo se prev\u00e9 que en esta oportunidad se proceda a la jura pendiente de los diputados provinciales Rolando Ficoseco y Pedro Torres, electos el pasado 22 de Octubre pero que a\u00fan contin\u00faan en funci\u00f3n municipal.<\/p>\n<p>En cuanto a la adhesi\u00f3n a la Ley Nacional de ART, el legislador indic\u00f3 que es un tema que ya se discuti\u00f3 en comisi\u00f3n y tambi\u00e9n durante la \u00faltima sesi\u00f3n, por lo cual se espera que el debate contin\u00fae en la pr\u00f3xima sesi\u00f3n legislativa.<\/p>\n<p>En cuanto al tratamiento de la Ley de Tolerancia Cero, \u00a0Bernis aclar\u00f3 que la provincia de Jujuy est\u00e1 adherida a la ley a nivel nacional, lo que indica que los conductores deben conducir con un m\u00e1ximo de 0, 5 de alcohol en sangre, por lo que indic\u00f3 que en Jujuy los ciudadanos deben cumplir con esa ordenanza y lo que quede pendiente tratar se har\u00e1 en comisi\u00f3n, con lo cual el debate de dicha ley se llevara adelante en el 2018.<\/p>\n<p>Asimismo el Diputado realiz\u00f3 un balance positivo del trabajo legislativo en el 2017 y asegur\u00f3 que para el pr\u00f3ximo a\u00f1o, el compromiso para con los juje\u00f1os sera redoblado por parte de su bloque.<\/p>\n","protected":false},"excerpt":{"rendered":"<p>El Diputado provincial y presidente del bloque radical, Alberto \u201cPiki\u201d Bernis, confirm\u00f3 que habr\u00e1 sesi\u00f3n este jueves 21 en la C\u00e1mara de Diputados de Jujuy. De esta manera, los legisladores trataran, en sesi\u00f3n especial, el pliego para el nombramiento de jueces y concluida esta etapa, ya en \u00a0en sesi\u00f3n extraordinaria, debatir\u00e1n la adhesi\u00f3n a la [&hellip;]<\/p>\n","protected":false},"author":1,"featured_media":150599,"comment_status":"open","ping_status":"open","sticky":false,"template":"","format":"standard","meta":{"_stopmodifiedupdate":false,"_modified_date":"","inline_featured_image":false},"categories":[519,493],"tags":[],"jetpack_featured_media_url":"https:\/\/notinor.com\/jujuy\/wp-content\/uploads\/2017\/12\/25530146_10156049882079708_832905952_n.jpg","_links":{"self":[{"href":"https:\/\/notinor.com\/jujuy\/wp-json\/wp\/v2\/posts\/150598"}],"collection":[{"href":"https:\/\/notinor.com\/jujuy\/wp-json\/wp\/v2\/posts"}],"about":[{"href":"https:\/\/notinor.com\/jujuy\/wp-json\/wp\/v2\/types\/post"}],"author":[{"embeddable":true,"href":"https:\/\/notinor.com\/jujuy\/wp-json\/wp\/v2\/users\/1"}],"replies":[{"embeddable":true,"href":"https:\/\/notinor.com\/jujuy\/wp-json\/wp\/v2\/comments?post=150598"}],"version-history":[{"count":1,"href":"https:\/\/notinor.com\/jujuy\/wp-json\/wp\/v2\/posts\/150598\/revisions"}],"predecessor-version":[{"id":150601,"href":"https:\/\/notinor.com\/jujuy\/wp-json\/wp\/v2\/posts\/150598\/revisions\/150601"}],"wp:featuredmedia":[{"embeddable":true,"href":"https:\/\/notinor.com\/jujuy\/wp-json\/wp\/v2\/media\/150599"}],"wp:attachment":[{"href":"https:\/\/notinor.com\/jujuy\/wp-json\/wp\/v2\/media?parent=150598"}],"wp:term":[{"taxonomy":"category","embeddable":true,"href":"https:\/\/notinor.com\/jujuy\/wp-json\/wp\/v2\/categories?post=150598"},{"taxonomy":"post_tag","embeddable":true,"href":"https:\/\/notinor.com\/jujuy\/wp-json\/wp\/v2\/tags?post=150598"}],"curies":[{"name":"wp","href":"https:\/\/api.w.org\/{rel}","templated":true}]}}