{"id":150185,"date":"2017-12-17T07:58:30","date_gmt":"2017-12-17T10:58:30","guid":{"rendered":"http:\/\/notinor.com\/jujuy\/?p=150185"},"modified":"2017-12-17T07:58:30","modified_gmt":"2017-12-17T10:58:30","slug":"la-cct-anuncio-que-el-lunes-habra-paro-general-por-24-horas-desde-el-mediodia","status":"publish","type":"post","link":"https:\/\/notinor.com\/jujuy\/la-cct-anuncio-que-el-lunes-habra-paro-general-por-24-horas-desde-el-mediodia\/","title":{"rendered":"La CCT anunci\u00f3 que el lunes habr\u00e1 paro general por 24 horas desde el mediod\u00eda"},"content":{"rendered":"<p>El Consejo Directivo de la CGT anunci\u00f3 que el lunes, a partir de la 12 convocar\u00e1 un paro general de actividades por 24 horas, en rechazo a la propuesta de bono lanzada por el Gobierno para compensar los desfasajes que se generen con la aplicaci\u00f3n de la nueva f\u00f3rmula contenida en el proyecto de reforma previsional.<\/p>\n<p><a href=\"http:\/\/notinor.com\/jujuy\/wp-content\/uploads\/2017\/12\/cgt1.jpg\"><img decoding=\"async\" loading=\"lazy\" class=\"alignnone size-full wp-image-150186\" src=\"http:\/\/notinor.com\/jujuy\/wp-content\/uploads\/2017\/12\/cgt1.jpg\" alt=\"cgt\" width=\"744\" height=\"500\" \/><\/a><\/p>\n<p>Seg\u00fan conformaron fuentes de la CGT, la medida de fuerza obedece tambi\u00e9n al malestar que le caus\u00f3 a los dirigentes que trabajadores encolumnados en gremios que pertenecen a esa central hayan sido reprimidos el jueves pasado cuando concurrieron a protestar a la Plaza de los Dos Congresos.<\/p>\n<p>La conducci\u00f3n de la entidad sindical se reunir\u00e1 en la sede de la calle Azopardo a partir de la 9 para analizar c\u00f3mo se perfila la situaci\u00f3n en cuanto al tratamiento de la ley en el Congreso. El lunes est\u00e1 previsto que la c\u00e1mara de Diputados trate en una sesi\u00f3n especial el proyecto de reforma previsional que cuenta con media sanci\u00f3n del Senado y que no pudo debatirse el jueves pasado.<\/p>\n<p>Ayer, en una reuni\u00f3n que se celebr\u00f3 en el Congreso entre legisladores, funcionarios y gobernadores, se acord\u00f3 que tras la aprobaci\u00f3n de este proyecto, el presidente Mauricio Macri firmar\u00e1 un decreto para otorgar un bono de $750 pesos para los jubilados y pensionados que ganen menos de 10.000 pesos mensuales.<\/p>\n<p>Este beneficio alcanzar\u00e1 al 70 por ciento de los jubilados y al 100 por ciento de quienes perciban la AUH, lo que representa unas cuatro millones de personas. El bono se establecer\u00e1 por medio de un decreto, porque si Diputados lo introduce como una modificaci\u00f3n en el texto original, la iniciativa deber\u00eda volver a la C\u00e1mara alta, lo que demorar\u00e1 la puesta en marcha de la ley.<\/p>\n","protected":false},"excerpt":{"rendered":"<p>El Consejo Directivo de la CGT anunci\u00f3 que el lunes, a partir de la 12 convocar\u00e1 un paro general de actividades por 24 horas, en rechazo a la propuesta de bono lanzada por el Gobierno para compensar los desfasajes que se generen con la aplicaci\u00f3n de la nueva f\u00f3rmula contenida en el proyecto de reforma [&hellip;]<\/p>\n","protected":false},"author":1,"featured_media":150186,"comment_status":"open","ping_status":"open","sticky":false,"template":"","format":"standard","meta":{"_stopmodifiedupdate":false,"_modified_date":"","inline_featured_image":false},"categories":[5],"tags":[],"jetpack_featured_media_url":"https:\/\/notinor.com\/jujuy\/wp-content\/uploads\/2017\/12\/cgt1.jpg","_links":{"self":[{"href":"https:\/\/notinor.com\/jujuy\/wp-json\/wp\/v2\/posts\/150185"}],"collection":[{"href":"https:\/\/notinor.com\/jujuy\/wp-json\/wp\/v2\/posts"}],"about":[{"href":"https:\/\/notinor.com\/jujuy\/wp-json\/wp\/v2\/types\/post"}],"author":[{"embeddable":true,"href":"https:\/\/notinor.com\/jujuy\/wp-json\/wp\/v2\/users\/1"}],"replies":[{"embeddable":true,"href":"https:\/\/notinor.com\/jujuy\/wp-json\/wp\/v2\/comments?post=150185"}],"version-history":[{"count":1,"href":"https:\/\/notinor.com\/jujuy\/wp-json\/wp\/v2\/posts\/150185\/revisions"}],"predecessor-version":[{"id":150187,"href":"https:\/\/notinor.com\/jujuy\/wp-json\/wp\/v2\/posts\/150185\/revisions\/150187"}],"wp:featuredmedia":[{"embeddable":true,"href":"https:\/\/notinor.com\/jujuy\/wp-json\/wp\/v2\/media\/150186"}],"wp:attachment":[{"href":"https:\/\/notinor.com\/jujuy\/wp-json\/wp\/v2\/media?parent=150185"}],"wp:term":[{"taxonomy":"category","embeddable":true,"href":"https:\/\/notinor.com\/jujuy\/wp-json\/wp\/v2\/categories?post=150185"},{"taxonomy":"post_tag","embeddable":true,"href":"https:\/\/notinor.com\/jujuy\/wp-json\/wp\/v2\/tags?post=150185"}],"curies":[{"name":"wp","href":"https:\/\/api.w.org\/{rel}","templated":true}]}}