{"id":14889,"date":"2015-02-02T09:28:51","date_gmt":"2015-02-02T12:28:51","guid":{"rendered":"http:\/\/notinor.com\/jujuy\/?p=14889"},"modified":"2015-02-02T09:28:51","modified_gmt":"2015-02-02T12:28:51","slug":"ramos-margarita-q-e-p-d","status":"publish","type":"post","link":"https:\/\/notinor.com\/jujuy\/ramos-margarita-q-e-p-d\/","title":{"rendered":"RAMOS, Margarita (Q.E.P.D.)"},"content":{"rendered":"<p>Falleci\u00f3 el d\u00eda 31 de enero de 2015 a hs. 11:00. C.A.S.R. y B.P. a edad de 83 a\u00f1os. Sus hijos Hilda, Elisa y Mar\u00eda; sus hijos pol\u00edticos Artemia Vel\u00e1zquez, Ram\u00f3n Parra y Celso Alabar; sus hermanos Sarita, Alberto, Aidee, Jorge y Crisologo; sus sobrinos; sus primos; sus nietos; sus bisnietos y dem\u00e1s familiares invitan a sus amistades y personas piadosas a acompa\u00f1ar sus restos mortales hoy 02 de febrero a hs. 16:00 al cementerio de la localidad de Huacalera. FAE. Casa de duelo la Huerta, Huacalera. Servicio Previsi\u00f3n Social srl. Av. H. Irigoyen 1160. Tel 0388-4224305, Jujuy. Sucursal Tilcara.<\/p>\n","protected":false},"excerpt":{"rendered":"<p>Falleci\u00f3 el d\u00eda 31 de enero de 2015 a hs. 11:00. C.A.S.R. y B.P. a edad de 83 a\u00f1os. Sus hijos Hilda, Elisa y Mar\u00eda; sus hijos pol\u00edticos Artemia Vel\u00e1zquez, Ram\u00f3n Parra y Celso Alabar; sus hermanos Sarita, Alberto, Aidee, Jorge y Crisologo; sus sobrinos; sus primos; sus nietos; sus bisnietos y dem\u00e1s familiares invitan [&hellip;]<\/p>\n","protected":false},"author":5,"featured_media":14233,"comment_status":"open","ping_status":"open","sticky":false,"template":"","format":"standard","meta":{"_stopmodifiedupdate":false,"_modified_date":"","inline_featured_image":false,"spay_email":"","jetpack_publicize_message":""},"categories":[18],"tags":[],"jetpack_featured_media_url":"https:\/\/notinor.com\/jujuy\/wp-content\/uploads\/2015\/01\/Obituarios1.jpg","jetpack_publicize_connections":[],"_links":{"self":[{"href":"https:\/\/notinor.com\/jujuy\/wp-json\/wp\/v2\/posts\/14889"}],"collection":[{"href":"https:\/\/notinor.com\/jujuy\/wp-json\/wp\/v2\/posts"}],"about":[{"href":"https:\/\/notinor.com\/jujuy\/wp-json\/wp\/v2\/types\/post"}],"author":[{"embeddable":true,"href":"https:\/\/notinor.com\/jujuy\/wp-json\/wp\/v2\/users\/5"}],"replies":[{"embeddable":true,"href":"https:\/\/notinor.com\/jujuy\/wp-json\/wp\/v2\/comments?post=14889"}],"version-history":[{"count":1,"href":"https:\/\/notinor.com\/jujuy\/wp-json\/wp\/v2\/posts\/14889\/revisions"}],"predecessor-version":[{"id":14890,"href":"https:\/\/notinor.com\/jujuy\/wp-json\/wp\/v2\/posts\/14889\/revisions\/14890"}],"wp:featuredmedia":[{"embeddable":true,"href":"https:\/\/notinor.com\/jujuy\/wp-json\/wp\/v2\/media\/14233"}],"wp:attachment":[{"href":"https:\/\/notinor.com\/jujuy\/wp-json\/wp\/v2\/media?parent=14889"}],"wp:term":[{"taxonomy":"category","embeddable":true,"href":"https:\/\/notinor.com\/jujuy\/wp-json\/wp\/v2\/categories?post=14889"},{"taxonomy":"post_tag","embeddable":true,"href":"https:\/\/notinor.com\/jujuy\/wp-json\/wp\/v2\/tags?post=14889"}],"curies":[{"name":"wp","href":"https:\/\/api.w.org\/{rel}","templated":true}]}}