{"id":14885,"date":"2015-02-02T09:22:18","date_gmt":"2015-02-02T12:22:18","guid":{"rendered":"http:\/\/notinor.com\/jujuy\/?p=14885"},"modified":"2015-02-02T09:22:18","modified_gmt":"2015-02-02T12:22:18","slug":"ledezma-venancio-q-e-p-d","status":"publish","type":"post","link":"https:\/\/notinor.com\/jujuy\/ledezma-venancio-q-e-p-d\/","title":{"rendered":"LEDEZMA, Venancio (Q.E.P.D.)"},"content":{"rendered":"<p>Falleci\u00f3 el d\u00eda 30 de enero de 2015. Sus hijos Saturnino Ledesma y Mart\u00edn Ledezma; su hija pol\u00edtica; sus nietos y dem\u00e1s familiares participan y comunican que sus restos fueron inhumados ayer 31 de enero en el cementerio Municipal, de Libertador Gral. San Mart\u00edn, casa de duelo Belgrano esquina Ram\u00edrez de Velazco, Calilegua. Ceremonial y Honras F\u00fanebres Servicios Sociales Instituto del Norte sa Av. 23 de Agosto 309, barrio J.M. Rosas. Tel 03886-424661<\/p>\n","protected":false},"excerpt":{"rendered":"<p>Falleci\u00f3 el d\u00eda 30 de enero de 2015. Sus hijos Saturnino Ledesma y Mart\u00edn Ledezma; su hija pol\u00edtica; sus nietos y dem\u00e1s familiares participan y comunican que sus restos fueron inhumados ayer 31 de enero en el cementerio Municipal, de Libertador Gral. San Mart\u00edn, casa de duelo Belgrano esquina Ram\u00edrez de Velazco, Calilegua. Ceremonial y [&hellip;]<\/p>\n","protected":false},"author":5,"featured_media":14233,"comment_status":"open","ping_status":"open","sticky":false,"template":"","format":"standard","meta":{"_stopmodifiedupdate":false,"_modified_date":"","inline_featured_image":false,"spay_email":"","jetpack_publicize_message":""},"categories":[18],"tags":[],"jetpack_featured_media_url":"https:\/\/notinor.com\/jujuy\/wp-content\/uploads\/2015\/01\/Obituarios1.jpg","jetpack_publicize_connections":[],"_links":{"self":[{"href":"https:\/\/notinor.com\/jujuy\/wp-json\/wp\/v2\/posts\/14885"}],"collection":[{"href":"https:\/\/notinor.com\/jujuy\/wp-json\/wp\/v2\/posts"}],"about":[{"href":"https:\/\/notinor.com\/jujuy\/wp-json\/wp\/v2\/types\/post"}],"author":[{"embeddable":true,"href":"https:\/\/notinor.com\/jujuy\/wp-json\/wp\/v2\/users\/5"}],"replies":[{"embeddable":true,"href":"https:\/\/notinor.com\/jujuy\/wp-json\/wp\/v2\/comments?post=14885"}],"version-history":[{"count":1,"href":"https:\/\/notinor.com\/jujuy\/wp-json\/wp\/v2\/posts\/14885\/revisions"}],"predecessor-version":[{"id":14886,"href":"https:\/\/notinor.com\/jujuy\/wp-json\/wp\/v2\/posts\/14885\/revisions\/14886"}],"wp:featuredmedia":[{"embeddable":true,"href":"https:\/\/notinor.com\/jujuy\/wp-json\/wp\/v2\/media\/14233"}],"wp:attachment":[{"href":"https:\/\/notinor.com\/jujuy\/wp-json\/wp\/v2\/media?parent=14885"}],"wp:term":[{"taxonomy":"category","embeddable":true,"href":"https:\/\/notinor.com\/jujuy\/wp-json\/wp\/v2\/categories?post=14885"},{"taxonomy":"post_tag","embeddable":true,"href":"https:\/\/notinor.com\/jujuy\/wp-json\/wp\/v2\/tags?post=14885"}],"curies":[{"name":"wp","href":"https:\/\/api.w.org\/{rel}","templated":true}]}}