{"id":148825,"date":"2017-12-09T00:00:20","date_gmt":"2017-12-09T03:00:20","guid":{"rendered":"http:\/\/notinor.com\/jujuy\/?p=148825"},"modified":"2017-12-09T19:19:32","modified_gmt":"2017-12-09T22:19:32","slug":"soea-bautista-no-sabemos-si-el-juez-nos-dice-la-verdad","status":"publish","type":"post","link":"https:\/\/notinor.com\/jujuy\/soea-bautista-no-sabemos-si-el-juez-nos-dice-la-verdad\/","title":{"rendered":"SOEA - Bautista: \"No sabemos si el Juez nos dice la verdad\""},"content":{"rendered":"<p>San Pedro. CORRESPONSAL - NOTINOR.COM dilog\u00f3 en exclusiva con N\u00e9stor Bautista, secretario Gremial del Sindicato de Obreros y Empleados del Azucar del Ingenio La Esperanza, sobre las declaracionesdel vocero del Poder Judicial, Pablo Ponce, respecto a los dichos del Juez Juan Pablo Calder\u00f3n, magistrado que entiende en la causa de la quiebra de la empresa azucarera.<\/p>\n<p>Cabe recordar que el magistrado aclar\u00f3 que, luego de la reuni\u00f3n con los gremialistas, no emiti\u00f3 ninguna resoluci\u00f3n al respecto, a la vez que confirm\u00f3 que no recibi\u00f3, de parte del poder Ejecutivo Provincial, ninguna comunicaci\u00f3n sobre la venta del ingenio.<\/p>\n<p>Asimimso, en cuanto a las cartas telegrama que recibieron algunos de los empleados y obreros del ingenio que, de acuerdo a lo negociado entre el Gobierno de la Provincia y el grupo empresario comprador, quedar\u00edan fuera del Ingenio, el magistrado aclar\u00f3 que se trata de un problema que debe ser planteado ante la Justicia Laboral.<\/p>\n<p>El juez no desconoci\u00f3 la existencia de las carta telegrama en la que se expresa la presidencia de los servicios de estos empleados, y se insta a acogerse al ofrecimiento del Gobierno Provincial de ser absorbidos por el Estado.<\/p>\n<p><a href=\"http:\/\/notinor.com\/jujuy\/wp-content\/uploads\/2017\/12\/bautista.png\"><img decoding=\"async\" loading=\"lazy\" class=\"alignright wp-image-148276\" src=\"http:\/\/notinor.com\/jujuy\/wp-content\/uploads\/2017\/12\/bautista.png\" alt=\"bautista\" width=\"300\" height=\"180\" \/><\/a><\/p>\n<blockquote><p><strong>Al respecto, el gremialista de los azucareros, N\u00e9stor Bautista, expres\u00f3 \u201ccuando nosotros fuimos a visitarlo la semana pasada, nos dijo que no sabia nada, que se enteraba por nosotros de la situaci\u00f3n de la empresa y de los trabajadores; por lo que no se si es cre\u00edble... no se si nos dice la verdad o si nos miente\".<\/strong><\/p><\/blockquote>\n<p>De acuerdo a Bautista, todo lo tiene que autorizar \u00e9l, inclusive los supuestos despidos, <strong>\"tiene que hacer un estudio, evaluaciones t\u00e9cnicas para ver si corresponde; pero de todas formas a la empresa no le sirve porque es extempor\u00e1neo. Todo el procedimiento se hizo al rev\u00e9s por esa situaci\u00f3n es que hemos presentado las demandas correspondientes\u201d.<\/strong><\/p>\n<p>Respecto a la venta, precis\u00f3 que seg\u00fan le inform\u00f3 el Dr. Calder\u00f3n en su despacho, en el expediente no consta que la empresa se haya vendido.<strong> \u201cHay que ver cuando ingres\u00f3 el despido, porque los telegramas comenzaron a llegar el d\u00eda mi\u00e9rcoles, y nos enteramos que reci\u00e9n el d\u00eda viernes se pidi\u00f3 la autorizaci\u00f3n. Por lo que est\u00e1 todo fuera de t\u00e9rmino por eso ya se hicieron las denuncias y la justicia laboral tendr\u00e1 que resolver\u201d.<\/strong><\/p>\n<h2><strong>De vuelta a la actividad normal<\/strong><\/h2>\n<p>El d\u00eda jueves, todo el personal se acerc\u00f3 a cumplir con sus funciones normalmente y no hubo modificaciones al respecto.<\/p>\n<p>Por otro lado, entre 350 y 380 trabajadores transitorios terminaron su relaci\u00f3n laboral con la empresa el 30 de noviembre, por lo que son los \u00fanicos que no se presentaron el jueves pasado.<\/p>\n<p>Bautista, refiri\u00f3 <strong>\u201cen el medio habr\u00e1 que ver qu\u00e9 ocurre si se vende o no la empresa, porque hay muchas cuestiones a resolver resolver, sobre todo el aspecto laboral y la cuesti\u00f3n de los despidos. Por lo pronto esta todo tranquilo aca. Y el d\u00eda s\u00e1bado vuelve la gente de campo a trabajar y los dem\u00e1s el d\u00eda lunes, normalmente\u201d.<\/strong><\/p>\n<p>Finalizando, puntualiz\u00f3 que se optar\u00e1 por esperar pacientemente lo que se dictamine, al igual que las novedades del juzgado. <strong>\u201cConforme avance esa situaci\u00f3n desarrollaremos las asambleas correspondientes al gremio para ir definiendo si se deber\u00e1 movilizar de alguna forma, teniendo en cuenta toda la base\u201d.<\/strong><\/p>\n<p>NOTINOR.COM tom\u00f3 conocimiento que el gobierno de la provincia, desde los ministerios de Producci\u00f3n y Trabajo, se comunicaron con el Sindicato, para iniciar alg\u00fan tipo de negociaci\u00f3n sobre el conflicto laboral.<\/p>\n<p>Consultamos al respecto al Secretario Gremial, quien refiri\u00f3 <strong>\u201ces bueno porque en definitiva vamos a sacar adelante esto conversando mucho y vamos a ver si de alguna manera la otra semana retomamos el di\u00e1logo\u201d.<\/strong><\/p>\n<p>Por otro lado, el sindicato intent\u00f3 ponerse en contacto con Omar Leal, representante del Grupo Omega, sin obtener resultado al d\u00eda de la fecha.<\/p>\n<h2><strong>Asesor\u00eda legal tiempo completo<\/strong><\/h2>\n<p>Bautista se\u00f1al\u00f3 que durante el fin de semana largo la asesor\u00eda legal del sindicato continuar\u00e1 trabajando para dar soluci\u00f3n a los m\u00e1s de trescientos trabajadores notificados.<\/p>\n","protected":false},"excerpt":{"rendered":"<p>San Pedro. CORRESPONSAL - NOTINOR.COM dilog\u00f3 en exclusiva con N\u00e9stor Bautista, secretario Gremial del Sindicato de Obreros y Empleados del Azucar del Ingenio La Esperanza, sobre las declaracionesdel vocero del Poder Judicial, Pablo Ponce, respecto a los dichos del Juez Juan Pablo Calder\u00f3n, magistrado que entiende en la causa de la quiebra de la empresa [&hellip;]<\/p>\n","protected":false},"author":1,"featured_media":148276,"comment_status":"open","ping_status":"open","sticky":false,"template":"","format":"standard","meta":{"_stopmodifiedupdate":false,"_modified_date":"","inline_featured_image":false},"categories":[4],"tags":[],"jetpack_featured_media_url":"https:\/\/notinor.com\/jujuy\/wp-content\/uploads\/2017\/12\/bautista.png","_links":{"self":[{"href":"https:\/\/notinor.com\/jujuy\/wp-json\/wp\/v2\/posts\/148825"}],"collection":[{"href":"https:\/\/notinor.com\/jujuy\/wp-json\/wp\/v2\/posts"}],"about":[{"href":"https:\/\/notinor.com\/jujuy\/wp-json\/wp\/v2\/types\/post"}],"author":[{"embeddable":true,"href":"https:\/\/notinor.com\/jujuy\/wp-json\/wp\/v2\/users\/1"}],"replies":[{"embeddable":true,"href":"https:\/\/notinor.com\/jujuy\/wp-json\/wp\/v2\/comments?post=148825"}],"version-history":[{"count":4,"href":"https:\/\/notinor.com\/jujuy\/wp-json\/wp\/v2\/posts\/148825\/revisions"}],"predecessor-version":[{"id":148913,"href":"https:\/\/notinor.com\/jujuy\/wp-json\/wp\/v2\/posts\/148825\/revisions\/148913"}],"wp:featuredmedia":[{"embeddable":true,"href":"https:\/\/notinor.com\/jujuy\/wp-json\/wp\/v2\/media\/148276"}],"wp:attachment":[{"href":"https:\/\/notinor.com\/jujuy\/wp-json\/wp\/v2\/media?parent=148825"}],"wp:term":[{"taxonomy":"category","embeddable":true,"href":"https:\/\/notinor.com\/jujuy\/wp-json\/wp\/v2\/categories?post=148825"},{"taxonomy":"post_tag","embeddable":true,"href":"https:\/\/notinor.com\/jujuy\/wp-json\/wp\/v2\/tags?post=148825"}],"curies":[{"name":"wp","href":"https:\/\/api.w.org\/{rel}","templated":true}]}}