{"id":14878,"date":"2015-02-02T00:59:25","date_gmt":"2015-02-02T03:59:25","guid":{"rendered":"http:\/\/notinor.com\/jujuy\/?p=14878"},"modified":"2015-02-02T05:03:09","modified_gmt":"2015-02-02T08:03:09","slug":"gran-desentierro-del-carnaval-sampedreno","status":"publish","type":"post","link":"https:\/\/notinor.com\/jujuy\/gran-desentierro-del-carnaval-sampedreno\/","title":{"rendered":"Gran desentierro del carnaval sampedre\u00f1o"},"content":{"rendered":"<p>Con un marco importante de p\u00fablico, en la tarde del domingo 1\u00ba de febrero se llev\u00f3 a cabo el tradicional desentierro del carnaval sampedre\u00f1o. El evento popular tuvo lugar en el acceso sur a nuestra ciudad.<\/p>\n<p>&nbsp;<\/p>\n<p>De esta manera San Pedro de Jujuy, comienza a vivir una de las fiestas populares m\u00e1s tradicionales de su centenaria existencia. Seg\u00fan lo planificado desde la COM.E.COR 2015 que preside Javier Jurado, luego del Desentierro, el pr\u00f3ximo viernes 6 de febrero, comenzaran los corsos, que se extender\u00e1n durante 10 noches.<\/p>\n<p><a href=\"http:\/\/notinor.com\/jujuy\/wp-content\/uploads\/2015\/02\/100_4801.jpg\"><img decoding=\"async\" loading=\"lazy\" class=\"alignnone  wp-image-14879\" src=\"http:\/\/notinor.com\/jujuy\/wp-content\/uploads\/2015\/02\/100_4801.jpg\" alt=\"100_4801\" width=\"668\" height=\"501\" srcset=\"https:\/\/notinor.com\/jujuy\/wp-content\/uploads\/2015\/02\/100_4801.jpg 900w, https:\/\/notinor.com\/jujuy\/wp-content\/uploads\/2015\/02\/100_4801-300x225.jpg 300w\" sizes=\"(max-width: 668px) 100vw, 668px\" \/><\/a><\/p>\n<p>&nbsp;<\/p>\n<p>Para esta jornada de apertura del carnaval en San Pedro de Jujuy, la organizaci\u00f3n logro reunir a las dos comunidades originarias m\u00e1s representativas, como lo son la colla y la aba guaran\u00ed.<\/p>\n<p>&nbsp;<\/p>\n<p>No solamente compartieron el grato momento los sampedre\u00f1os residentes en estas tierras sino tambi\u00e9n coterr\u00e1neos que se trasladan desde otras provincias hacia el terru\u00f1o que los vio nacer para compartir esta alegr\u00eda carnavalera junto a sus familiares. As\u00ed tambi\u00e9n en este desentierro estuvieron presentes periodistas provenientes de las provincias de San Juan y La Rioja.<\/p>\n<p>&nbsp;<\/p>\n<p>Durante la ceremonia se invoca a personajes de los carnavales sampedre\u00f1os ya fallecidos, se agradece la cosecha realizada, se sah\u00fama los trajes y a todos que de una u otra manera participaran en los pr\u00f3ximos corsos y por supuesto se danza.<\/p>\n<p>&nbsp;<\/p>\n<p>En el evento se encontraba presente la Secretaria de Relaciones Exteriores y Regionales de la Provincia de Jujuy, Carolina Mois\u00e9s, quien mostr\u00f3 \"su alegr\u00eda por desenterrar el carnaval una vez m\u00e1s junto a nuestra comunidad, es una fiesta popular que la llevamos dentro de nuestros corazones formando parte de nuestra identidad, un a\u00f1o m\u00e1s que estamos trabajando para que esta fiesta tenga el brillo que se merece.\"<\/p>\n<p>&nbsp;<\/p>\n<p>Adelanto que \"junto a la COM.E.COR estamos proyectando algo diferente para todas las noches de corsos, habr\u00e1 una comparsa salte\u00f1a por ejemplo que ya estuvo en San Pedro, con una notable repercusi\u00f3n. Es muy posible que venga Virginia Gallardo y vamos a ver que chico traemos para las chicas.\"<\/p>\n<p>&nbsp;<\/p>\n<p>Por ultimo dijo que \"habr\u00e1 una presentaci\u00f3n del carnaval sampedre\u00f1o el pr\u00f3ximo jueves en San Salvador de Jujuy, con una conferencia de prensa junto a la Secretaria de Turismo de la Provincia y un desfile de nuestros artistas por calle Belgrano, culminando este pasacalles en la plaza \"Ricardo Vilca\", al lado del teatro Mitre, en donde habr\u00e1 un espect\u00e1culo para todos quienes concurran ese d\u00eda.\" Concluyo.<\/p>\n","protected":false},"excerpt":{"rendered":"<p>Con un marco importante de p\u00fablico, en la tarde del domingo 1\u00ba de febrero se llev\u00f3 a cabo el tradicional desentierro del carnaval sampedre\u00f1o. El evento popular tuvo lugar en el acceso sur a nuestra ciudad. &nbsp; De esta manera San Pedro de Jujuy, comienza a vivir una de las fiestas populares m\u00e1s tradicionales de [&hellip;]<\/p>\n","protected":false},"author":1,"featured_media":14880,"comment_status":"open","ping_status":"open","sticky":false,"template":"","format":"standard","meta":{"_stopmodifiedupdate":false,"_modified_date":"","inline_featured_image":false,"spay_email":"","jetpack_publicize_message":""},"categories":[21],"tags":[],"jetpack_featured_media_url":"https:\/\/notinor.com\/jujuy\/wp-content\/uploads\/2015\/02\/100_4813.jpg","jetpack_publicize_connections":[],"_links":{"self":[{"href":"https:\/\/notinor.com\/jujuy\/wp-json\/wp\/v2\/posts\/14878"}],"collection":[{"href":"https:\/\/notinor.com\/jujuy\/wp-json\/wp\/v2\/posts"}],"about":[{"href":"https:\/\/notinor.com\/jujuy\/wp-json\/wp\/v2\/types\/post"}],"author":[{"embeddable":true,"href":"https:\/\/notinor.com\/jujuy\/wp-json\/wp\/v2\/users\/1"}],"replies":[{"embeddable":true,"href":"https:\/\/notinor.com\/jujuy\/wp-json\/wp\/v2\/comments?post=14878"}],"version-history":[{"count":1,"href":"https:\/\/notinor.com\/jujuy\/wp-json\/wp\/v2\/posts\/14878\/revisions"}],"predecessor-version":[{"id":14881,"href":"https:\/\/notinor.com\/jujuy\/wp-json\/wp\/v2\/posts\/14878\/revisions\/14881"}],"wp:featuredmedia":[{"embeddable":true,"href":"https:\/\/notinor.com\/jujuy\/wp-json\/wp\/v2\/media\/14880"}],"wp:attachment":[{"href":"https:\/\/notinor.com\/jujuy\/wp-json\/wp\/v2\/media?parent=14878"}],"wp:term":[{"taxonomy":"category","embeddable":true,"href":"https:\/\/notinor.com\/jujuy\/wp-json\/wp\/v2\/categories?post=14878"},{"taxonomy":"post_tag","embeddable":true,"href":"https:\/\/notinor.com\/jujuy\/wp-json\/wp\/v2\/tags?post=14878"}],"curies":[{"name":"wp","href":"https:\/\/api.w.org\/{rel}","templated":true}]}}