{"id":14868,"date":"2015-02-02T02:58:14","date_gmt":"2015-02-02T05:58:14","guid":{"rendered":"http:\/\/notinor.com\/jujuy\/?p=14868"},"modified":"2015-02-02T02:58:14","modified_gmt":"2015-02-02T05:58:14","slug":"corsos-capitalinos-edicion-2015","status":"publish","type":"post","link":"https:\/\/notinor.com\/jujuy\/corsos-capitalinos-edicion-2015\/","title":{"rendered":"Corsos Capitalinos edici\u00f3n 2015"},"content":{"rendered":"<p>Ya estas las fechas y los lugares de los corsos a realizarse en la capital juje\u00f1a.<\/p>\n<p>Cinco d\u00edas en donde podr\u00e1n ver las bellezas realizadas durante el a\u00f1o por las comparsas que desfilaran sobre diferentes puntos de la ciudad. En todos los casos, los desfiles comenzar\u00e1n a 19 horas.<\/p>\n<p><a href=\"http:\/\/notinor.com\/jujuy\/wp-content\/uploads\/2015\/02\/CORSOS-DEFINITIVO.jpg\"><img decoding=\"async\" loading=\"lazy\" class=\"alignnone  wp-image-14869 aligncenter\" src=\"http:\/\/notinor.com\/jujuy\/wp-content\/uploads\/2015\/02\/CORSOS-DEFINITIVO.jpg\" alt=\"CORSOS DEFINITIVO\" width=\"405\" height=\"366\" srcset=\"https:\/\/notinor.com\/jujuy\/wp-content\/uploads\/2015\/02\/CORSOS-DEFINITIVO.jpg 2376w, https:\/\/notinor.com\/jujuy\/wp-content\/uploads\/2015\/02\/CORSOS-DEFINITIVO-300x270.jpg 300w, https:\/\/notinor.com\/jujuy\/wp-content\/uploads\/2015\/02\/CORSOS-DEFINITIVO-1024x924.jpg 1024w\" sizes=\"(max-width: 405px) 100vw, 405px\" \/><\/a><\/p>\n<p>&nbsp;<\/p>\n<p>El cronograma es el siguiente:<\/p>\n<p><strong>S\u00e1bado 7 y domingo 8 de febrero<\/strong> sobre Avenida General Savio, desde Cancha de Gimnasia y Esgrima de Jujuy hasta Av. Rio Bamba, del Barrio Coronel Arias.<\/p>\n<p><strong>S\u00e1bado 21 de febrero<\/strong> sobre Avenida 10 de Junio, desde calle 2 de Abril hasta calle Aviso Alf\u00e9rez Sobral del B\u00b0 Malvinas Argentinas.<\/p>\n<p><strong>Domingo 22 de febrero<\/strong> sobre Avenida Teniente Far\u00edas, desde calle Soldado Bord\u00f3n hasta calle Alf\u00e9rez V\u00e1zquez del B\u00b0 Alto Comedero.<\/p>\n<p><strong>S\u00e1bado 28 de febrero<\/strong> sobre Avenida Marina Vilte, desde calle Chorc\u00e1n hasta calle Chucalezna del B\u00b0 Alto Comedero.<\/p>\n","protected":false},"excerpt":{"rendered":"<p>Ya estas las fechas y los lugares de los corsos a realizarse en la capital juje\u00f1a. Cinco d\u00edas en donde podr\u00e1n ver las bellezas realizadas durante el a\u00f1o por las comparsas que desfilaran sobre diferentes puntos de la ciudad. En todos los casos, los desfiles comenzar\u00e1n a 19 horas. &nbsp; El cronograma es el siguiente: [&hellip;]<\/p>\n","protected":false},"author":1,"featured_media":14869,"comment_status":"open","ping_status":"open","sticky":false,"template":"","format":"standard","meta":{"_stopmodifiedupdate":false,"_modified_date":"","inline_featured_image":false,"spay_email":"","jetpack_publicize_message":""},"categories":[21],"tags":[],"jetpack_featured_media_url":"https:\/\/notinor.com\/jujuy\/wp-content\/uploads\/2015\/02\/CORSOS-DEFINITIVO.jpg","jetpack_publicize_connections":[],"_links":{"self":[{"href":"https:\/\/notinor.com\/jujuy\/wp-json\/wp\/v2\/posts\/14868"}],"collection":[{"href":"https:\/\/notinor.com\/jujuy\/wp-json\/wp\/v2\/posts"}],"about":[{"href":"https:\/\/notinor.com\/jujuy\/wp-json\/wp\/v2\/types\/post"}],"author":[{"embeddable":true,"href":"https:\/\/notinor.com\/jujuy\/wp-json\/wp\/v2\/users\/1"}],"replies":[{"embeddable":true,"href":"https:\/\/notinor.com\/jujuy\/wp-json\/wp\/v2\/comments?post=14868"}],"version-history":[{"count":1,"href":"https:\/\/notinor.com\/jujuy\/wp-json\/wp\/v2\/posts\/14868\/revisions"}],"predecessor-version":[{"id":14870,"href":"https:\/\/notinor.com\/jujuy\/wp-json\/wp\/v2\/posts\/14868\/revisions\/14870"}],"wp:featuredmedia":[{"embeddable":true,"href":"https:\/\/notinor.com\/jujuy\/wp-json\/wp\/v2\/media\/14869"}],"wp:attachment":[{"href":"https:\/\/notinor.com\/jujuy\/wp-json\/wp\/v2\/media?parent=14868"}],"wp:term":[{"taxonomy":"category","embeddable":true,"href":"https:\/\/notinor.com\/jujuy\/wp-json\/wp\/v2\/categories?post=14868"},{"taxonomy":"post_tag","embeddable":true,"href":"https:\/\/notinor.com\/jujuy\/wp-json\/wp\/v2\/tags?post=14868"}],"curies":[{"name":"wp","href":"https:\/\/api.w.org\/{rel}","templated":true}]}}