{"id":14859,"date":"2015-02-02T00:39:33","date_gmt":"2015-02-02T03:39:33","guid":{"rendered":"http:\/\/notinor.com\/jujuy\/?p=14859"},"modified":"2015-02-02T00:39:50","modified_gmt":"2015-02-02T03:39:50","slug":"triatlon-tragico-fallece-competidor-jujeno","status":"publish","type":"post","link":"https:\/\/notinor.com\/jujuy\/triatlon-tragico-fallece-competidor-jujeno\/","title":{"rendered":"Triatl\u00f3n tr\u00e1gico en Salta: \"Fallece competidor juje\u00f1o\""},"content":{"rendered":"<blockquote class=\"highlight newDetailTextChange newCopete\"><p>Ayer en la ma\u00f1ana en el dique Campo Alegre, falleci\u00f3 el joven perique\u00f1o de 21 a\u00f1os fue identificado como Ezequiel Osvaldo Gaspar. Estaba en una competencia de triatl\u00f3n, en la fase de nataci\u00f3n falleci\u00f3 en el dique, donde todav\u00eda no lograban rescatar su cuerpo. Los trabajos de b\u00fasqueda se reanudar\u00e1n ma\u00f1ana a primera hora.<\/p><\/blockquote>\n<blockquote class=\"highlight newDetailTextChange newCopete\">\n<figure id=\"attachment_14864\" aria-describedby=\"caption-attachment-14864\" style=\"width: 581px\" class=\"wp-caption alignnone\"><a href=\"http:\/\/notinor.com\/jujuy\/wp-content\/uploads\/2015\/02\/0000414648.jpg\"><img decoding=\"async\" loading=\"lazy\" class=\"wp-image-14864\" src=\"http:\/\/notinor.com\/jujuy\/wp-content\/uploads\/2015\/02\/0000414648.jpg\" alt=\"0000414648\" width=\"581\" height=\"435\" srcset=\"https:\/\/notinor.com\/jujuy\/wp-content\/uploads\/2015\/02\/0000414648.jpg 825w, https:\/\/notinor.com\/jujuy\/wp-content\/uploads\/2015\/02\/0000414648-300x224.jpg 300w\" sizes=\"(max-width: 581px) 100vw, 581px\" \/><\/a><figcaption id=\"caption-attachment-14864\" class=\"wp-caption-text\">Ezequiel Osvaldo Gaspar Cr\u00e9dito El Tribuno<\/figcaption><\/figure><\/blockquote>\n<blockquote class=\"highlight newDetailTextChange newCopete\"><p>El joven fue identificado como Ezequiel Osvaldo Gaspar, \u00a0y se trataba de la primera carrera en esta modalidad que corr\u00eda. Seg\u00fan las primeras hip\u00f3tesis el joven podr\u00eda haber sufrido un calambre o un infarto.Seg\u00fan inform\u00f3 <i>El Tribuno de Salta<\/i> un testigo de la tragedia relat\u00f3 que lo que ocurri\u00f3 \"porque el chico se hundi\u00f3 lento y de repente se ahog\u00f3. Es una tragedia, estamos todos consternados\", dijo.<\/p><\/blockquote>\n<blockquote class=\"highlight newDetailTextChange newCopete\"><p>Agreg\u00f3 que, tras el hecho, \"no pasaron ni 30 segundos que uno de los kayac ya lo estaba buscando. Sin embargo no apreci\u00f3\".<\/p><\/blockquote>\n<blockquote class=\"highlight newDetailTextChange newCopete\"><p>De la competencia participaban 41 atletas, hab\u00eda seis polic\u00edas lacustre y cinco botes (cuatro kayacs y una canoa). Adem\u00e1s, hab\u00eda una ambulancia de la localidad de <a class=\"agrupador\" href=\"http:\/\/www.eltribuno.info\/la-caldera-a15392\" rel=\"15392\">La Caldera<\/a>.<\/p><\/blockquote>\n<blockquote class=\"highlight newDetailTextChange newCopete\"><p>El tr\u00e1gico hecho ocurri\u00f3 a las 10.40, a unos 30 metros de la largada. Ezequiel corr\u00eda la distancia m\u00e1s corta en la modalidad s\u00faper sprint. Seg\u00fan indic\u00f3, un conocido de la v\u00edctima, el atleta se destac\u00f3 en Mountain Bike y<a class=\"agrupador\" href=\"http:\/\/www.eltribuno.info\/atletismo-a2197\" rel=\"2197\">atletismo<\/a>, pero reci\u00e9n estaba incursionado en triatlones. Fuente: Tribuno de Salta<\/p><\/blockquote>\n","protected":false},"excerpt":{"rendered":"<p>Ayer en la ma\u00f1ana en el dique Campo Alegre, falleci\u00f3 el joven perique\u00f1o de 21 a\u00f1os fue identificado como Ezequiel Osvaldo Gaspar. Estaba en una competencia de triatl\u00f3n, en la fase de nataci\u00f3n falleci\u00f3 en el dique, donde todav\u00eda no lograban rescatar su cuerpo. Los trabajos de b\u00fasqueda se reanudar\u00e1n ma\u00f1ana a primera hora. El [&hellip;]<\/p>\n","protected":false},"author":1,"featured_media":14864,"comment_status":"open","ping_status":"open","sticky":false,"template":"","format":"standard","meta":{"_stopmodifiedupdate":false,"_modified_date":"","inline_featured_image":false,"spay_email":"","jetpack_publicize_message":""},"categories":[2],"tags":[],"jetpack_featured_media_url":"https:\/\/notinor.com\/jujuy\/wp-content\/uploads\/2015\/02\/0000414648.jpg","jetpack_publicize_connections":[],"_links":{"self":[{"href":"https:\/\/notinor.com\/jujuy\/wp-json\/wp\/v2\/posts\/14859"}],"collection":[{"href":"https:\/\/notinor.com\/jujuy\/wp-json\/wp\/v2\/posts"}],"about":[{"href":"https:\/\/notinor.com\/jujuy\/wp-json\/wp\/v2\/types\/post"}],"author":[{"embeddable":true,"href":"https:\/\/notinor.com\/jujuy\/wp-json\/wp\/v2\/users\/1"}],"replies":[{"embeddable":true,"href":"https:\/\/notinor.com\/jujuy\/wp-json\/wp\/v2\/comments?post=14859"}],"version-history":[{"count":2,"href":"https:\/\/notinor.com\/jujuy\/wp-json\/wp\/v2\/posts\/14859\/revisions"}],"predecessor-version":[{"id":14866,"href":"https:\/\/notinor.com\/jujuy\/wp-json\/wp\/v2\/posts\/14859\/revisions\/14866"}],"wp:featuredmedia":[{"embeddable":true,"href":"https:\/\/notinor.com\/jujuy\/wp-json\/wp\/v2\/media\/14864"}],"wp:attachment":[{"href":"https:\/\/notinor.com\/jujuy\/wp-json\/wp\/v2\/media?parent=14859"}],"wp:term":[{"taxonomy":"category","embeddable":true,"href":"https:\/\/notinor.com\/jujuy\/wp-json\/wp\/v2\/categories?post=14859"},{"taxonomy":"post_tag","embeddable":true,"href":"https:\/\/notinor.com\/jujuy\/wp-json\/wp\/v2\/tags?post=14859"}],"curies":[{"name":"wp","href":"https:\/\/api.w.org\/{rel}","templated":true}]}}