{"id":148395,"date":"2017-12-06T00:33:26","date_gmt":"2017-12-06T03:33:26","guid":{"rendered":"http:\/\/notinor.com\/jujuy\/?p=148395"},"modified":"2017-12-06T10:02:54","modified_gmt":"2017-12-06T13:02:54","slug":"carnaval-de-la-quebrada-2018-conoce-el-cronograma-para-festejar","status":"publish","type":"post","link":"https:\/\/notinor.com\/jujuy\/carnaval-de-la-quebrada-2018-conoce-el-cronograma-para-festejar\/","title":{"rendered":"Carnaval de la Quebrada 2018: Conoc\u00e9 el cronograma para festejar"},"content":{"rendered":"<article id=\"article-post\">\n<header class=\"article-info-wrapper\">\n<div class=\"row\">\n<div class=\"col-xs-12\">\n<p class=\"title\"><a href=\"http:\/\/notinor.com\/jujuy\/wp-content\/uploads\/2017\/12\/carnaval.jpg\"><img decoding=\"async\" loading=\"lazy\" class=\"size-full wp-image-148397 aligncenter\" src=\"http:\/\/notinor.com\/jujuy\/wp-content\/uploads\/2017\/12\/carnaval.jpg\" alt=\"carnaval\" width=\"800\" height=\"406\" \/><\/a><\/p>\n<blockquote>\n<p class=\"title\">El Carnaval de la <strong>Quebrada de Humahuaca<\/strong> es una mezcla de la celebraci\u00f3n introducida por los espa\u00f1oles durante la conquista de Am\u00e9rica y los cultos de los pueblos originarios.<\/p>\n<p>Los pueblos de la <strong>Quebrada de Humahuaca<\/strong> combinan la celebraci\u00f3n de <strong>Carnaval<\/strong> con sus rituales vinculados a la tierra (Pachamama).<\/p>\n<p>La celebraci\u00f3n comienza el s\u00e1bado anterior al fin de semana de Carnaval, cuando grupos de comparsas llegan a las laderas de los cerros que rodean los pueblos para desenterrar al \u201cdiablo\u201d, que fueron enterrados al finalizar el carnaval del a\u00f1o anterior.<\/p>\n<p>Una vez desenterrado \u201cel diablo\u201d se tiran bombas de estruendo y la comparsa (donde muchos est\u00e1n disfrazados de diablo) comienza a descender a los pueblos bailando al ritmo de m\u00fasicas tradicionales como el carnavalito juje\u00f1o. En todas las comparas hay m\u00fasicos con trompetas, redoblantes, trombones,\u00a0 saxo, bombos, etc. Las comparsas llevan un estandarte que las identifican y recorren las calles del pueblo, donde en diferentes casas son invitados a beber.<\/p><\/blockquote>\n<\/div>\n<blockquote><p>En las calles los diferentes integrantes de las comparsas est\u00e1s disfrazados y se arrojan harina. Muchos llevan ramas de albahaca (se la considera afrodis\u00edaca) dejando un aroma muy especial por las calles de los pueblos. En las murgas tambi\u00e9n hay bandas de sikuris que interpretan sus melod\u00edas a cada paso.<\/p>\n<p>Despu\u00e9s de desfilar por las calles de los pueblos, las murgas se re\u00fanen en puntos determinados, denominados \u201cfort\u00edn\u201d. En estos lugares se arman pe\u00f1as con m\u00fasica y baile hasta el amanecer.<\/p>\n<p>El <strong>domingo de Carnaval<\/strong>, despu\u00e9s de varios d\u00edas de baile y festejo, la celebraci\u00f3n termina con el entierro del diablo. Las comparsas vuelven a las laderas de los cerros, al mismo lugar donde empez\u00f3 el festejo y se entierra al mu\u00f1eco con ofrendas (cigarrillos, hojas de coca, alcohol) y con bombas de estruendo se da por finalizado el carnaval.<\/p><\/blockquote>\n<p>&nbsp;<\/p>\n<h2><span style=\"color: #000000;\">Tilcara - Programa Carnaval 2018<\/span><\/h2>\n<p><span style=\"color: #000000;\"><strong>Fuente<\/strong>: Secretar\u00eda de Turismo y Cultura de la Provincia de Jujuy<\/span><\/p>\n<p><span style=\"color: #000000;\"><strong>Importante<\/strong>: los horarios y actividades puden ser cambiadas sin previo aviso.<\/span><\/p>\n<p><span style=\"color: #000000;\"><strong>- Jueves 1 de febrero: jueves de \u201cCompadres\u201d<\/strong><\/span><\/p>\n<p><span style=\"color: #000000;\">Comparsa Poco Pero Locos<\/span><\/p>\n<p><span style=\"color: #000000;\">* 12.00\u00a0 almuerzo en su sal\u00f3n.<\/span><br \/>\n<span style=\"color: #000000;\"> * 14.00 Chayada del moj\u00f3n en la margen del\u00a0 rio Huasamayo.<\/span><\/p>\n<p><span style=\"color: #000000;\">Comparsa Los compadres Tilcare\u00f1os.<\/span><\/p>\n<p><span style=\"color: #000000;\">* 12.00\u00a0 almuerzo en su sal\u00f3n y posterior chayada del moj\u00f3n.<\/span><\/p>\n<p><span style=\"color: #000000;\">Comparsa Agrupaci\u00f3n Puente de la Diversi\u00f3n<\/span><\/p>\n<p><span style=\"color: #000000;\">* 12.00\u00a0 almuerzo en su sal\u00f3n y posterior chayada del moj\u00f3n.<\/span><\/p>\n<p><span style=\"color: #000000;\">Comparsa los alegre de Malka<\/span><\/p>\n<p><span style=\"color: #000000;\">* 10.00 recepci\u00f3n de ahijaditos en plaza central, chayada de moj\u00f3n en el barrio alto de Malka.<\/span><br \/>\n<span style=\"color: #000000;\"> * 13.00 Almuerzo y baile popular en el Tinglado Municipal.<\/span><\/p>\n<p>&nbsp;<\/p>\n<\/div>\n<p><span style=\"color: #000000;\"><strong>- Mi\u00e9rcoles 7 de febrero: Desentierro del Carnaval Bande\u00f1o<\/strong><\/span><\/p>\n<p><span style=\"color: #000000;\">Comparsa Uni\u00f3n Alegre de la Banda<\/span><\/p>\n<p><span style=\"color: #000000;\">* 18.00 desentierro del carnaval y baile popular.<\/span><\/p>\n<p>&nbsp;<\/p>\n<p><span style=\"color: #000000;\"><strong>- Jueves 8 de febrero 2018: jueves de \u201cComadres\u201d<\/strong><\/span><\/p>\n<p><span style=\"color: #000000;\">Comparsa Poco Pero Locos<\/span><\/p>\n<p><span style=\"color: #000000;\">* 12.00\u00a0 almuerzo en su sal\u00f3n.<\/span><br \/>\n<span style=\"color: #000000;\"> * 14.00 Chayada del moj\u00f3n en la margen del\u00a0 rio Huasamayo.<\/span><\/p>\n<p><span style=\"color: #000000;\">Comparsa Los Caprichosos<\/span><\/p>\n<p><span style=\"color: #000000;\">* 12.00\u00a0 almuerzo en su sal\u00f3n y posterior chayada del moj\u00f3n.<\/span><\/p>\n<p><span style=\"color: #000000;\">Comparsa los alegre de Malka<\/span><\/p>\n<p><span style=\"color: #000000;\">* 10.00 recepci\u00f3n de ahijaditos en plaza central, chayada de moj\u00f3n en el barrio alto de Malka.<\/span><br \/>\n<span style=\"color: #000000;\"> * 13.00 Almuerzo y baile popular en el Tinglado Municipal.<\/span><\/p>\n<p><span style=\"color: #000000;\">Distintas comparsas de Tilcara realizan un\u00a0 almuerzo en su sal\u00f3n y posterior chayada de su moj\u00f3n.<\/span><\/p>\n<\/header>\n<\/article>\n<article id=\"article-post\">\n<div class=\"row\">\n<div class=\"col-xs-12\">\n<div class=\"head-image thumb-wrap relative\">\n<div id=\"content-gallery\">\n<div id=\"fotogaleria-Object_113_3374\" class=\"gallery\">\n<div class=\"col2 owl-carousel owl-loaded\">\n<div class=\"owl-stage-outer owl-height\">\n<div class=\"owl-stage\">\n<div class=\"owl-item active\">\n<div class=\"image itemGallery classid200903\">\n<p><span style=\"color: #000000;\"><strong>- S\u00e1bado 10 de febrero: Desentierro del Carnaval<\/strong><\/span><\/p>\n<p><span style=\"color: #000000;\">* 11.30 desentierro del carnaval Fortinero en el Moj\u00f3n del Matadero.<\/span><\/p>\n<p><span style=\"color: #000000;\">Los Fortines Tilcare\u00f1os, Los Mimosos, Los Tilcare\u00f1os, La Salamanca, Los Porotos, Los Chupa Chichi, los Orejanos y los pilpintos las mismas se llevan a <\/span><\/p>\n<p><span style=\"color: #000000;\">cabo en sal\u00f3n o casa de familia.<\/span><\/p>\n<p><span style=\"color: #000000;\">* 14.00 desentierro del carnaval de las Comparsas y Agrupaciones\u00a0 en\u00a0 los mojones de Tilcara.<\/span><\/p>\n<p><span style=\"color: #000000;\">Comparsas Pecha Pechas, Caprichos,\u00a0 Poco Pero Locos, Flor de Card\u00f3n huichaira, Paseanderos de Juella, Flor de Durazno de Juella, Los Barrenos, los <\/span><\/p>\n<p><span style=\"color: #000000;\">Ahijaditos, los Gosairas, flor de cortadera, los pimpas, los alegres de Malka.<\/span><\/p>\n<p><span style=\"color: #000000;\">* 22.00 baile p\u00fablico en sus respectivos salones.<\/span><\/p>\n<p><span style=\"color: #000000;\">* 20 Pe\u00f1a en el Tinglado Municipal con entrada gral.<\/span><\/p>\n<\/div>\n<p>&nbsp;<\/p>\n<div class=\"image itemGallery classid200903\">\n<p><span style=\"color: #000000;\"><strong>- Domingo 11 de febrero: Domingo de Tentaci\u00f3n<\/strong><\/span><\/p>\n<p><span style=\"color: #000000;\">* 14.00 recorridos de las comparsas por las calles de Tilcara a sus respectivas invitaciones.<\/span><\/p>\n<p><span style=\"color: #000000;\">* 22.00 baile p\u00fablico en sus respectivos salones.<\/span><\/p>\n<p><span style=\"color: #000000;\">* 20 Pe\u00f1a los Tekis en el Tinglado Municipal con entrada gral.<\/span><\/p>\n<\/div>\n<p><span style=\"color: #000000;\"><strong>- Lunes 12 de febrero: Carnaval Grande<\/strong><\/span><\/p>\n<p><span style=\"color: #000000;\">* 14.00 recorridos de las comparsas por las calles de Tilcara a sus respectivas invitaciones.<\/span><\/p>\n<p><span style=\"color: #000000;\">* 22.00 baile p\u00fablico en sus respectivos salones.<\/span><\/p>\n<p><span style=\"color: #000000;\"><strong>- Martes 13 de febrero: Chaya<\/strong><\/span><\/p>\n<p><span style=\"color: #000000;\">* 14.00 recorridos de las comparsas por las calles de Tilcara a sus respectivas invitaciones.<\/span><\/p>\n<p><span style=\"color: #000000;\">* 22.00 baile p\u00fablico en sus respectivos salones.<\/span><\/p>\n<p>&nbsp;<\/p>\n<p><span style=\"color: #000000;\"><strong>- Mi\u00e9rcoles 14 de febrero: mi\u00e9rcoles de Ceniza<\/strong><\/span><\/p>\n<p><span style=\"color: #000000;\">Agrupaci\u00f3n Puente de la Diversi\u00f3n<\/span><\/p>\n<p><span style=\"color: #000000;\">* 12.00\u00a0 almuerzo en su sal\u00f3n y posterior desentierro del carnaval.<\/span><\/p>\n<p><span style=\"color: #000000;\">* 22.00 baile p\u00fablico en sus respectivos salones.<\/span><\/p>\n<p><span style=\"color: #000000;\">Comparsa los viejos Choclos<\/span><\/p>\n<p><span style=\"color: #000000;\">* 12.00\u00a0 almuerzo en su sal\u00f3n y posterior desentierro del carnaval.<\/span><\/p>\n<p><span style=\"color: #000000;\">* 22.00 baile p\u00fablico en sus respectivos salones.<\/span><\/p>\n<p><span style=\"color: #000000;\"><strong>CARNAVAL CHICO<\/strong><\/span><\/p>\n<p><span style=\"color: #000000;\"><strong>- Jueves 15 de Febrero<br \/>\n<\/strong><\/span><\/p>\n<p><span style=\"color: #000000;\">Comparsas varias<\/span><\/p>\n<p>&nbsp;<\/p>\n<p><span style=\"color: #000000;\"><strong>- Viernes 16 de Febrero<br \/>\n<\/strong><\/span><\/p>\n<p><span style=\"color: #000000;\">* 14.00 recorridos de las comparsas por las calles de Tilcara a sus respectivas invitaciones.<\/span><\/p>\n<p><span style=\"color: #000000;\">* 22.00 baile p\u00fablico en sus respectivos salones.<\/span><\/p>\n<p><span style=\"color: #000000;\"><strong>- Sabado 17 de Febrero<br \/>\n<\/strong><\/span><\/p>\n<p><span style=\"color: #000000;\">* 14.00 recorridos de las comparsas por las calles de Tilcara a sus respectivas invitaciones.<\/span><\/p>\n<p><span style=\"color: #000000;\">* 22.00 baile p\u00fablico en sus respectivos salones.<\/span><\/p>\n<p><span style=\"color: #000000;\"><strong>- Domingo 18 de Febrero<br \/>\n<\/strong><\/span><\/p>\n<p><span style=\"color: #000000;\">Entierro del diablo \/ carnaval<\/span><\/p>\n<p><span style=\"color: #000000;\">* 14.00 recorridos de las comparsas por las calles de Tilcara a sus respectivas invitaciones y entierro del carnaval 2018<\/span><\/p>\n<div class=\"image itemGallery classid200903\"><\/div>\n<\/div>\n<\/div>\n<\/div>\n<\/div>\n<div class=\"clearfix\"><span style=\"color: #000000;\">\u00a0<\/span><\/div>\n<\/div>\n<\/div>\n<\/div>\n<\/div>\n<\/div>\n<\/article>\n<article id=\"article-post\" class=\"first\">\n<div class=\"cuerpo\" data-twitter-link=\"https:\/\/twitter.com\/intent\/tweet?url=https:\/\/www.todojujuy.com\/\/c100433&amp;via=diarioTodoJujuy&amp;related=Todo Jujuy&amp;text=\">\n<p>&nbsp;<\/p>\n<\/div>\n<\/article>\n<article id=\"article-post\">\n<div class=\"cuerpo\" data-twitter-link=\"https:\/\/twitter.com\/intent\/tweet?url=https:\/\/www.todojujuy.com\/\/c100433&amp;via=diarioTodoJujuy&amp;related=Todo Jujuy&amp;text=\">\n<p><span style=\"color: #000000;\"><strong>Te contamos todas las fechas para que vayas planeando:<\/strong><\/span><\/p>\n<p><span style=\"color: #000000;\">- 1ero de enero: chaya de mojones en Maimar\u00e1.<\/span><\/p>\n<p><span style=\"color: #000000;\">- 1ero de febrero: Jueves de Compadres.<\/span><\/p>\n<p><span style=\"color: #000000;\">- 8 de febrero: Jueves de Comadres.<\/span><\/p>\n<p><span style=\"color: #000000;\">- 10, 11, 12 y 13 de febrero: <a class=\"agrupador\" style=\"color: #000000;\" href=\"http:\/\/www.todojujuy.com\/carnaval-a33\" rel=\"33\">carnaval<\/a> grande con desentierros en toda la provincia el s\u00e1bado 10.<\/span><\/p>\n<p><span style=\"color: #000000;\">- 15, 16, 17 y 18 de febrero: carnaval chico.<\/span><\/p>\n<p><span style=\"color: #000000;\">- 18 de febrero: entierro del carnaval.<\/span><\/p>\n<p><span style=\"color: #000000;\">- 24 y 25 de febrero: carnaval de flores-<\/span><\/p>\n<p><span style=\"color: #000000;\">- 3 y 4 de marzo: carnaval de remache<\/span><\/p>\n<\/div>\n<\/article>\n","protected":false},"excerpt":{"rendered":"<p>El Carnaval de la Quebrada de Humahuaca es una mezcla de la celebraci\u00f3n introducida por los espa\u00f1oles durante la conquista de Am\u00e9rica y los cultos de los pueblos originarios. Los pueblos de la Quebrada de Humahuaca combinan la celebraci\u00f3n de Carnaval con sus rituales vinculados a la tierra (Pachamama). La celebraci\u00f3n comienza el s\u00e1bado anterior [&hellip;]<\/p>\n","protected":false},"author":1,"featured_media":148397,"comment_status":"open","ping_status":"open","sticky":false,"template":"","format":"standard","meta":{"_stopmodifiedupdate":false,"_modified_date":"","inline_featured_image":false},"categories":[4],"tags":[],"jetpack_featured_media_url":"https:\/\/notinor.com\/jujuy\/wp-content\/uploads\/2017\/12\/carnaval.jpg","_links":{"self":[{"href":"https:\/\/notinor.com\/jujuy\/wp-json\/wp\/v2\/posts\/148395"}],"collection":[{"href":"https:\/\/notinor.com\/jujuy\/wp-json\/wp\/v2\/posts"}],"about":[{"href":"https:\/\/notinor.com\/jujuy\/wp-json\/wp\/v2\/types\/post"}],"author":[{"embeddable":true,"href":"https:\/\/notinor.com\/jujuy\/wp-json\/wp\/v2\/users\/1"}],"replies":[{"embeddable":true,"href":"https:\/\/notinor.com\/jujuy\/wp-json\/wp\/v2\/comments?post=148395"}],"version-history":[{"count":3,"href":"https:\/\/notinor.com\/jujuy\/wp-json\/wp\/v2\/posts\/148395\/revisions"}],"predecessor-version":[{"id":148433,"href":"https:\/\/notinor.com\/jujuy\/wp-json\/wp\/v2\/posts\/148395\/revisions\/148433"}],"wp:featuredmedia":[{"embeddable":true,"href":"https:\/\/notinor.com\/jujuy\/wp-json\/wp\/v2\/media\/148397"}],"wp:attachment":[{"href":"https:\/\/notinor.com\/jujuy\/wp-json\/wp\/v2\/media?parent=148395"}],"wp:term":[{"taxonomy":"category","embeddable":true,"href":"https:\/\/notinor.com\/jujuy\/wp-json\/wp\/v2\/categories?post=148395"},{"taxonomy":"post_tag","embeddable":true,"href":"https:\/\/notinor.com\/jujuy\/wp-json\/wp\/v2\/tags?post=148395"}],"curies":[{"name":"wp","href":"https:\/\/api.w.org\/{rel}","templated":true}]}}