{"id":148086,"date":"2017-12-04T17:14:44","date_gmt":"2017-12-04T20:14:44","guid":{"rendered":"http:\/\/notinor.com\/jujuy\/?p=148086"},"modified":"2017-12-04T17:20:07","modified_gmt":"2017-12-04T20:20:07","slug":"miercoles-6-de-diciembre-a-partir-de-15hs-dara-comienzo-el-taller-cine-musica-y-fotografia","status":"publish","type":"post","link":"https:\/\/notinor.com\/jujuy\/miercoles-6-de-diciembre-a-partir-de-15hs-dara-comienzo-el-taller-cine-musica-y-fotografia\/","title":{"rendered":"Este mi\u00e9rcoles taller de CINE, MUSICA Y FOTOGRAFIA"},"content":{"rendered":"<p>El mi\u00e9rcoles 6 de diciembre a partir de 15hs dar\u00e1 comienzo el taller CINE, M\u00daSICA Y FOTOGRAF\u00cdA, en La yusca cineclub Punto de Cultura de las 150 Hect\u00e1reas Alto Comedero.<\/p>\n<p><a href=\"http:\/\/notinor.com\/jujuy\/?attachment_id=148092\" rel=\"attachment wp-att-148092\"><img decoding=\"async\" loading=\"lazy\" class=\"alignnone wp-image-148092\" src=\"http:\/\/notinor.com\/jujuy\/wp-content\/uploads\/2017\/12\/154.jpg\" alt=\"1\" width=\"576\" height=\"383\" \/><\/a><\/p>\n<p>Este taller de realizaci\u00f3n audiovisual, fotograf\u00eda y montaje es coordinado por el profesor y productor cinematogr\u00e1fico Julio Lencina y contara con la asistencia de los documentalistas y Coordinadores de La yusca cineclub, Germ\u00e1n D\u00edaz y Claudia Carlos El taller consiste en tres m\u00f3dulos de dos meses cada uno, totalmente gratuito y destinado para los vecinos de las 150 Hect\u00e1reas y todos los sectores de Alto Comedero. Para este primer modulo que se dictara durante los meses de Diciembre y Enero se contara con la colaboraci\u00f3n de m\u00fasicos juje\u00f1os que durante todos los mi\u00e9rcoles brindaran charlas y mini recitales pedag\u00f3gicos para los alumnos del taller y vecinos de las 150 Hect\u00e1reas. El cronograma de presentaci\u00f3n es el siguiente Mi\u00e9rcoles 6 de diciembre 15 hs presentaci\u00f3n del taller y programaci\u00f3n general Mi\u00e9rcoles 13 de Diciembre 16 hs. Presentaci\u00f3n del grupo El Ekeko, integrado por Adrian Menacho, Gerardo Albarrac\u00edn, Federico Albarrac\u00edn, Pablo Vel\u00e1zquez, Pablo Maldonado, Milton Colque y Claudio Rojas. El Ekeko se conforma como d\u00fao vocal en el a\u00f1o 1998 interpretando la recopilaci\u00f3n de coplas del NOA de Leda Valladares e interactuando con otros lenguajes art\u00edsticos como la danza y la pl\u00e1stica. Luego en 2005 adquiere formato de banda incorporando cuerdas e instrumentos de vientos. En el a\u00f1o 2016 presenta su primer CD \u201cCORAZ\u00d3N ARCILLOSO\u201d y actualmente se encuentra trabajando para el lanzamiento de dos nuevos CD. Mi\u00e9rcoles 20 de Diciembre - Jazz Mi\u00e9rcoles 27 de Diciembre \u2013 Ensamble Abramayo El Ensamble Abramayo esta integrado por Analia Sivila ( flauta Traversa), Horacio Zerpa (guitarra), Pablo Medrano (Contrabajo), Sergio Vaca (percusi\u00f3n), Mat\u00edas Zigaran (violin). Sobre el origen de la formaci\u00f3n instrumental, Horacio Zerpa dijo que el Ensamble Abramayo \u2018 recibe ese nombre, porque varios de los temas est\u00e1n dedicados a una localidad llamada Abramayo en Tilcara, lugar donde naci\u00f3 mi padre. Con el af\u00e1n de dar a conocer mis temas, tuve varias formaciones durante estos a\u00f1os, la primera fue en Paran\u00e1, esto me llev\u00f3 a presentarme en varias salas y teatros, ya en Jujuy fui conociendo m\u00fasicos y varios de ellos muy buenos instrumentistas. Mi\u00e9rcoles 3 de Enero 2018 \u2013 La Orden de Ca\u00edn (Rap) Mi\u00e9rcoles 10 de Enero 2018 \u2013 Gran Karma. (Rock) Este primer modulo finalizara los primeros d\u00edas de Febrero 2018, para luego retomar el taller en los meses Marzo\/Abril 2018 con el ciclo CINE, FOTOGRAF\u00cdA y ESCRITORES JUJE\u00d1OS, que se dar\u00e1n cita en el microcine barrial \u201cJulio Lencina\u201d de La yusca cineclub Punto de Cultura, para finalizar con el tercer modulo CINE, FOTOGRAF\u00cdA y ACTORES JUJE\u00d1OS que se dictara durante los meses JUNIO\/ JULIO 2018. Para finalizar tambi\u00e9n recordamos que estos talleres se dictaran por distintos barrios de nuestra ciudad a trav\u00e9s de la red de micro cines y bibliotecas barriales.<\/p>\n","protected":false},"excerpt":{"rendered":"<p>El mi\u00e9rcoles 6 de diciembre a partir de 15hs dar\u00e1 comienzo el taller CINE, M\u00daSICA Y FOTOGRAF\u00cdA, en La yusca cineclub Punto de Cultura de las 150 Hect\u00e1reas Alto Comedero. Este taller de realizaci\u00f3n audiovisual, fotograf\u00eda y montaje es coordinado por el profesor y productor cinematogr\u00e1fico Julio Lencina y contara con la asistencia de los [&hellip;]<\/p>\n","protected":false},"author":1,"featured_media":148093,"comment_status":"open","ping_status":"open","sticky":false,"template":"","format":"standard","meta":{"_stopmodifiedupdate":false,"_modified_date":"","inline_featured_image":false,"spay_email":"","jetpack_publicize_message":""},"categories":[17,13],"tags":[],"jetpack_featured_media_url":"https:\/\/notinor.com\/jujuy\/wp-content\/uploads\/2017\/12\/155.jpg","jetpack_publicize_connections":[],"_links":{"self":[{"href":"https:\/\/notinor.com\/jujuy\/wp-json\/wp\/v2\/posts\/148086"}],"collection":[{"href":"https:\/\/notinor.com\/jujuy\/wp-json\/wp\/v2\/posts"}],"about":[{"href":"https:\/\/notinor.com\/jujuy\/wp-json\/wp\/v2\/types\/post"}],"author":[{"embeddable":true,"href":"https:\/\/notinor.com\/jujuy\/wp-json\/wp\/v2\/users\/1"}],"replies":[{"embeddable":true,"href":"https:\/\/notinor.com\/jujuy\/wp-json\/wp\/v2\/comments?post=148086"}],"version-history":[{"count":3,"href":"https:\/\/notinor.com\/jujuy\/wp-json\/wp\/v2\/posts\/148086\/revisions"}],"predecessor-version":[{"id":148096,"href":"https:\/\/notinor.com\/jujuy\/wp-json\/wp\/v2\/posts\/148086\/revisions\/148096"}],"wp:featuredmedia":[{"embeddable":true,"href":"https:\/\/notinor.com\/jujuy\/wp-json\/wp\/v2\/media\/148093"}],"wp:attachment":[{"href":"https:\/\/notinor.com\/jujuy\/wp-json\/wp\/v2\/media?parent=148086"}],"wp:term":[{"taxonomy":"category","embeddable":true,"href":"https:\/\/notinor.com\/jujuy\/wp-json\/wp\/v2\/categories?post=148086"},{"taxonomy":"post_tag","embeddable":true,"href":"https:\/\/notinor.com\/jujuy\/wp-json\/wp\/v2\/tags?post=148086"}],"curies":[{"name":"wp","href":"https:\/\/api.w.org\/{rel}","templated":true}]}}