{"id":147970,"date":"2017-12-04T00:00:35","date_gmt":"2017-12-04T03:00:35","guid":{"rendered":"http:\/\/notinor.com\/jujuy\/?p=147970"},"modified":"2017-12-04T08:46:31","modified_gmt":"2017-12-04T11:46:31","slug":"nestor-sanabia-un-balance-sobre-el-trabajo-de-la-comision-de-educacion-en-la-legislatura","status":"publish","type":"post","link":"https:\/\/notinor.com\/jujuy\/nestor-sanabia-un-balance-sobre-el-trabajo-de-la-comision-de-educacion-en-la-legislatura\/","title":{"rendered":"Sanabia realiz\u00f3 un balance sobre el trabajo de la Comisi\u00f3n de Educaci\u00f3n"},"content":{"rendered":"<p>Sanabia destac\u00f3 en primer t\u00e9rmino la gran cantidad de proyectos trabajados durante el a\u00f1o, y la buena predisposici\u00f3n de los funcionarios de la cartera educativa provincial, dirigentes gremiales, directivos de instituciones educativas que se acercaron a las instalaciones de la Casa de Piedra para dialogar con legisladores.<\/p>\n<p><a href=\"http:\/\/notinor.com\/jujuy\/wp-content\/uploads\/2016\/09\/legislatura-sanabia.jpg\"><img decoding=\"async\" loading=\"lazy\" class=\"alignnone wp-image-89134 size-full\" src=\"http:\/\/notinor.com\/jujuy\/wp-content\/uploads\/2016\/09\/legislatura-sanabia.jpg\" alt=\"legislatura-sanabia\" width=\"895\" height=\"599\" srcset=\"https:\/\/notinor.com\/jujuy\/wp-content\/uploads\/2016\/09\/legislatura-sanabia.jpg 895w, https:\/\/notinor.com\/jujuy\/wp-content\/uploads\/2016\/09\/legislatura-sanabia-300x201.jpg 300w\" sizes=\"(max-width: 895px) 100vw, 895px\" \/><\/a><\/p>\n<p>En este sentido el legislador radical destac\u00f3 la predisposici\u00f3n de las autoridades del Ministerio de Educaci\u00f3n para concurrir a la Legislatura Provincial en diferentes oportunidades a lo largo del a\u00f1o a partir de los requerimientos de los diputados que integran la Comisi\u00f3n educativa.<\/p>\n<p>Calific\u00f3 dicha predisposici\u00f3n, tanto de autoridades provinciales como de dirigentes gremiales, como un \u201cbuen s\u00edntoma de la democracia\u201d que facilit\u00f3 la escucha de las inquietudes de los miembros del parlamento legislativo.<\/p>\n<p>El Diputado calific\u00f3 a este 2017 \u00a0como un a\u00f1o arduo y constante en cuanto al trabajo encarado desde la Comisi\u00f3n de Educaci\u00f3n en la recepci\u00f3n de inquietudes por parte de instituciones, ONG, institutos, gremios, instituciones intermedias etc.<\/p>\n<p>Explic\u00f3 que a lo largo de este a\u00f1o 2017 se realiz\u00f3 un trabajo en conjunto entre los integrantes de la Legislatura Provincial y el Ministerio de Educaci\u00f3n que trajo como resultado m\u00e1s beneficios para los educandos de Jujuy como ser el dictado de m\u00e1s de d\u00edas de clases, mayor participaci\u00f3n de estudiantes en actividades legislativas, como ser el Parlamento Provincial Juvenil.<\/p>\n<p>Para concluir, el legislador hizo referencia al Pacto Educativo que estar\u00eda comenzando a realizar sus primeras actividades los primeros meses del a\u00f1o entrante, a lo que seguidamente menciono que \u201cel Ejecutivo Provincial\u00a0busca un mayor compromiso de la sociedad \u00a0llevando el debate del Pacto Social Educativo a cada rinc\u00f3n de la Provincia, donde cada escuela, cada familia, pueda decir presente, comprometi\u00e9ndose con la calidad educativa de sus hijos y en la construcci\u00f3n de un mejor futuro\u201d.<\/p>\n<p>&nbsp;<\/p>\n","protected":false},"excerpt":{"rendered":"<p>Sanabia destac\u00f3 en primer t\u00e9rmino la gran cantidad de proyectos trabajados durante el a\u00f1o, y la buena predisposici\u00f3n de los funcionarios de la cartera educativa provincial, dirigentes gremiales, directivos de instituciones educativas que se acercaron a las instalaciones de la Casa de Piedra para dialogar con legisladores. En este sentido el legislador radical destac\u00f3 la [&hellip;]<\/p>\n","protected":false},"author":1,"featured_media":106492,"comment_status":"open","ping_status":"open","sticky":false,"template":"","format":"standard","meta":{"_stopmodifiedupdate":false,"_modified_date":"","inline_featured_image":false},"categories":[485],"tags":[],"jetpack_featured_media_url":"https:\/\/notinor.com\/jujuy\/wp-content\/uploads\/2017\/02\/Dip.-Sanabia-Nestor2.jpg","_links":{"self":[{"href":"https:\/\/notinor.com\/jujuy\/wp-json\/wp\/v2\/posts\/147970"}],"collection":[{"href":"https:\/\/notinor.com\/jujuy\/wp-json\/wp\/v2\/posts"}],"about":[{"href":"https:\/\/notinor.com\/jujuy\/wp-json\/wp\/v2\/types\/post"}],"author":[{"embeddable":true,"href":"https:\/\/notinor.com\/jujuy\/wp-json\/wp\/v2\/users\/1"}],"replies":[{"embeddable":true,"href":"https:\/\/notinor.com\/jujuy\/wp-json\/wp\/v2\/comments?post=147970"}],"version-history":[{"count":2,"href":"https:\/\/notinor.com\/jujuy\/wp-json\/wp\/v2\/posts\/147970\/revisions"}],"predecessor-version":[{"id":147997,"href":"https:\/\/notinor.com\/jujuy\/wp-json\/wp\/v2\/posts\/147970\/revisions\/147997"}],"wp:featuredmedia":[{"embeddable":true,"href":"https:\/\/notinor.com\/jujuy\/wp-json\/wp\/v2\/media\/106492"}],"wp:attachment":[{"href":"https:\/\/notinor.com\/jujuy\/wp-json\/wp\/v2\/media?parent=147970"}],"wp:term":[{"taxonomy":"category","embeddable":true,"href":"https:\/\/notinor.com\/jujuy\/wp-json\/wp\/v2\/categories?post=147970"},{"taxonomy":"post_tag","embeddable":true,"href":"https:\/\/notinor.com\/jujuy\/wp-json\/wp\/v2\/tags?post=147970"}],"curies":[{"name":"wp","href":"https:\/\/api.w.org\/{rel}","templated":true}]}}