{"id":147821,"date":"2017-12-02T13:50:30","date_gmt":"2017-12-02T16:50:30","guid":{"rendered":"http:\/\/notinor.com\/jujuy\/?p=147821"},"modified":"2017-12-02T13:50:30","modified_gmt":"2017-12-02T16:50:30","slug":"un-buque-cientifico-detecto-una-imagen-de-sonar-compatible-con-el-ara-san-juan","status":"publish","type":"post","link":"https:\/\/notinor.com\/jujuy\/un-buque-cientifico-detecto-una-imagen-de-sonar-compatible-con-el-ara-san-juan\/","title":{"rendered":"Un buque cient\u00edfico detect\u00f3 una imagen de sonar compatible con el ARA San Juan"},"content":{"rendered":"<div>\n<figure>\n<div><img decoding=\"async\" loading=\"lazy\" id=\"ZB7UWIL7W5DM7JZUWMDXVDWBLY\" src=\"https:\/\/www.infobae.com\/new-resizer\/oRA0zFvR-mutMlNpTwFI47KzsNc=\/600x0\/filters:quality(100)\/s3.amazonaws.com\/arc-wordpress-client-uploads\/infobae-wp\/wp-content\/uploads\/2017\/12\/02093809\/ubicacion-ara-san-juan-SF-1.jpg\" alt=\"\" width=\"750\" height=\"373.2142857142857\" data-url=\"http:\/\/www.infobae.com\/sociedad\/2017\/12\/02\/un-buque-cientifico-detecto-una-imagen-de-sonar-compatible-con-el-ara-san-juan\/%23ZB7UWIL7W5DM7JZUWMDXVDWBLY\" data-original=\"https:\/\/www.infobae.com\/new-resizer\/oRA0zFvR-mutMlNpTwFI47KzsNc=\/600x0\/filters:quality(100)\/s3.amazonaws.com\/arc-wordpress-client-uploads\/infobae-wp\/wp-content\/uploads\/2017\/12\/02093809\/ubicacion-ara-san-juan-SF-1.jpg\" \/><\/div><figcaption><\/figcaption><\/figure>\n<\/div>\n<div>\n<div>\n<p>El buque cient\u00edfico \"V\u00edctor\u00a0Angelescu\", tripulado por agentes de\u00a0Prefectura Naval, detect\u00f3 el jueves una imagen sonar compatible con el\u00a0submarino ARA San Juan, desaparecido hace 16 d\u00edas. El vocero de la Armada Enrique Balbi insisti\u00f3 en que \"el ambiente externo, el tiempo transcurrido y la falta de evidencia impiden sostener un escenario compatible con la vida humana\".<\/p>\n<\/div>\n<\/div>\n<div>\n<div>\n<p>Ayer, el vocero de la Armada hab\u00eda anunciado que las autoridades investigaban cuatro contactos en la zona del operativo, que ya hab\u00eda cubierto pr\u00e1cticamente el 100% del \u00e1rea de trabajo.<\/p>\n<\/div>\n<\/div>\n<div>\n<p>Seg\u00fan pudo saber\u00a0Infobae, el blanco detectado por\u00a0el barco cient\u00edfico tripulado por Prefectura es \"un objeto cil\u00edndrico de forma alargada con dimensiones aproximadas de 62 m de longitud y 13 m de altura\" est\u00e1 en una posici\u00f3n de 6\u00b024.5'S y 060\u00b011.7'W a 477 metros de profundidad.<\/p>\n<div><\/div>\n<\/div>\n<div>\n<figure>\n<div>\n<div><\/div>\n<p><img decoding=\"async\" loading=\"lazy\" id=\"UOKPALG5UZH3NEJMWDKQL6ZFFE\" src=\"https:\/\/www.infobae.com\/new-resizer\/4zsn3_LFTWuIvvV8l6fr0KHl5Gg=\/600x0\/filters:quality(100)\/s3.amazonaws.com\/arc-wordpress-client-uploads\/infobae-wp\/wp-content\/uploads\/2017\/12\/02095330\/VICTOR-ANGELESCU-1920.jpg\" alt=\"El \u201cVictor Angelescu\u201d, el buque que detect\u00f3 la imagen de sonar\" width=\"750\" height=\"421.484375\" data-url=\"http:\/\/www.infobae.com\/sociedad\/2017\/12\/02\/un-buque-cientifico-detecto-una-imagen-de-sonar-compatible-con-el-ara-san-juan\/%23UOKPALG5UZH3NEJMWDKQL6ZFFE\" data-original=\"https:\/\/www.infobae.com\/new-resizer\/4zsn3_LFTWuIvvV8l6fr0KHl5Gg=\/600x0\/filters:quality(100)\/s3.amazonaws.com\/arc-wordpress-client-uploads\/infobae-wp\/wp-content\/uploads\/2017\/12\/02095330\/VICTOR-ANGELESCU-1920.jpg\" \/><\/div><figcaption>El \u201cVictor Angelescu\u201d, el buque que detect\u00f3 la imagen de sonar<\/figcaption><\/figure>\n<\/div>\n<div>\n<div id=\"\">\n<div id=\"inline\" data-slot-name=\"inline\" data-mobile-display=\"true\" data-desktop-display=\"true\" data-google-query-id=\"CJ3F4uTi69cCFY8MkQodeYwPwQ\">\n<div id=\"google_ads_iframe_\/1058609\/infobae\/sociedad\/nota\/inline_0__container__\"><iframe id=\"google_ads_iframe_\/1058609\/infobae\/sociedad\/nota\/inline_0\" title=\"3rd party ad content\" name=\"google_ads_iframe_\/1058609\/infobae\/sociedad\/nota\/inline_0\" width=\"1\" height=\"1\" frameborder=\"0\" marginwidth=\"0\" marginheight=\"0\" scrolling=\"no\"><\/iframe><\/div>\n<\/div>\n<div><\/div>\n<\/div>\n<div>\n<p>El hallazgo lo hizo el Buque de Investigaci\u00f3n Pesquera y Oceanogr\u00e1fica del INIDEP \"V\u00edctor Angelescu\", que fue incorporado recientemente a la flota del\u00a0Instituto Nacional de Investigaci\u00f3n y Desarrollo Pesquero (INIDEP)\u00a0para la realizaci\u00f3n de los estudios necesarios para la determinaci\u00f3n de las cuotas de captura en la industria pesquera.<\/p>\n<\/div>\n<\/div>\n<div>\n<div>\n<p>El buque zarp\u00f3 desde el puerto de Vigo, Espa\u00f1a, en septiembre, lleg\u00f3 al pa\u00eds en octubre y si bien pertenece al instituto que estudia la fauna ict\u00edcola en la \u00f3rbita del Ministerio de Agroindustria de la Naci\u00f3n, estaba bajo la custodia de la Prefectura Naval por un conflicto con el sindicato de marinos marplatense.\u00a0Unos 14 prefectos\u00a0forman parte de la tripulaci\u00f3n, acompa\u00f1ados por 17 cient\u00edficos.<\/p>\n<\/div>\n<\/div>\n<div>\n<figure>\n<div>\n<div><\/div>\n<p><img decoding=\"async\" loading=\"lazy\" id=\"RGMOWKRWEBH25BRS2ULF2FWCOA\" src=\"https:\/\/www.infobae.com\/new-resizer\/zqfCznuCyil8fr3DIpIYiA2tcdE=\/600x0\/filters:quality(100)\/s3.amazonaws.com\/arc-wordpress-client-uploads\/infobae-wp\/wp-content\/uploads\/2017\/12\/02103434\/imagen-de-sonar-victor-angelescu-ara-san-juan-1920.jpeg\" alt=\"La imagen de sonar detectada por el V\u00edctor Angelescu\" width=\"750\" height=\"421.484375\" data-url=\"http:\/\/www.infobae.com\/sociedad\/2017\/12\/02\/un-buque-cientifico-detecto-una-imagen-de-sonar-compatible-con-el-ara-san-juan\/%23RGMOWKRWEBH25BRS2ULF2FWCOA\" data-original=\"https:\/\/www.infobae.com\/new-resizer\/zqfCznuCyil8fr3DIpIYiA2tcdE=\/600x0\/filters:quality(100)\/s3.amazonaws.com\/arc-wordpress-client-uploads\/infobae-wp\/wp-content\/uploads\/2017\/12\/02103434\/imagen-de-sonar-victor-angelescu-ara-san-juan-1920.jpeg\" \/><\/div><figcaption>La imagen de sonar detectada por el V\u00edctor Angelescu<\/figcaption><\/figure>\n<\/div>\n<div>\n<div>\n<p>El \"V\u00edctor Angelescu\", comandado por el prefecto Mauricio L\u00f3pez, tiene potentes sonares nuevos para el estudio de card\u00famenes, que son los que habr\u00edan detectado el objeto cil\u00edndrico a 477 metros de profundidad.<\/p>\n<\/div>\n<\/div>\n<div>\n<div>\n<p>La primera detecci\u00f3n del blanco en el sonar fue a\u00a0las 07:32 del d\u00eda 30 de noviembre y fue \"considerado de inter\u00e9s por sus caracter\u00edsticas y emplazamiento\". Se encuentra sobre un fondo plano y no existen otros blancos a su alrededor. \"Es de forma alargada\"\u00a0y sus dimensiones aproximadas \"fueron de 62 m de longitud y 13 m de altura sobre el fondo\".\u00a0Tras realizar numerosas pasadas de confirmaci\u00f3n, el buque confirm\u00f3 la presencia de una \"deformaci\u00f3n en el perfil del fondo\".<\/p>\n<\/div>\n<\/div>\n<div>\n<div>\n<p>Los investigadores especializados en hidroac\u00fastica del INIDEP realizaron 16 pasadas de norte a sur y de sur a norte, y\u00a0otras 12 pasadas de este a oeste y viceversa.\u00a0Adem\u00e1s de la tripulaci\u00f3n de\u00a0Prefectura, colaboran en la b\u00fasqueda cinco cient\u00edficos del Programa de Ac\u00fastica que dirige Adri\u00e1n Madirolas.<\/p>\n<\/div>\n<\/div>\n<div>\n<figure>\n<div>\n<div><\/div>\n<p><img decoding=\"async\" loading=\"lazy\" id=\"REYXISZWA5GULE6EACROY4XSFA\" src=\"https:\/\/www.infobae.com\/new-resizer\/xqlpu7Mn9N64aI3_l8njJNLuEU8=\/600x0\/filters:quality(100)\/s3.amazonaws.com\/arc-wordpress-client-uploads\/infobae-wp\/wp-content\/uploads\/2017\/12\/02102750\/mini-submarino-pantera-plus-1920-1.jpg\" alt=\"El minisubmarino ruso que ir\u00e1 a verificar si la imagen del sonar es el ARA San Juan\" width=\"750\" height=\"421.484375\" data-url=\"http:\/\/www.infobae.com\/sociedad\/2017\/12\/02\/un-buque-cientifico-detecto-una-imagen-de-sonar-compatible-con-el-ara-san-juan\/%23REYXISZWA5GULE6EACROY4XSFA\" data-original=\"https:\/\/www.infobae.com\/new-resizer\/xqlpu7Mn9N64aI3_l8njJNLuEU8=\/600x0\/filters:quality(100)\/s3.amazonaws.com\/arc-wordpress-client-uploads\/infobae-wp\/wp-content\/uploads\/2017\/12\/02102750\/mini-submarino-pantera-plus-1920-1.jpg\" \/><\/div><figcaption>El minisubmarino ruso que ir\u00e1 a verificar si la imagen del sonar es el ARA San Juan<\/figcaption><\/figure>\n<\/div>\n<div>\n<div>\n<p>Balbi se\u00f1al\u00f3 que \"la meteorolog\u00eda por suerte es buena\" por lo que ahora el minisubmarino ruso Pantera Plus, capaz de sumergirse hasta los 1000 metros, intentar\u00e1 establecer un contacto visual, dado que las im\u00e1genes sonoras obtenidas por el \"V\u00edctor Angelescu\" no tienen la precisi\u00f3n\u00a0que permita concluir que se trata del ARA San Juan.<\/p>\n<\/div>\n<\/div>\n","protected":false},"excerpt":{"rendered":"<p>El buque cient\u00edfico \"V\u00edctor\u00a0Angelescu\", tripulado por agentes de\u00a0Prefectura Naval, detect\u00f3 el jueves una imagen sonar compatible con el\u00a0submarino ARA San Juan, desaparecido hace 16 d\u00edas. El vocero de la Armada Enrique Balbi insisti\u00f3 en que \"el ambiente externo, el tiempo transcurrido y la falta de evidencia impiden sostener un escenario compatible con la vida humana\". [&hellip;]<\/p>\n","protected":false},"author":1,"featured_media":147822,"comment_status":"open","ping_status":"open","sticky":false,"template":"","format":"standard","meta":{"_stopmodifiedupdate":false,"_modified_date":"","inline_featured_image":false},"categories":[5],"tags":[],"jetpack_featured_media_url":"https:\/\/notinor.com\/jujuy\/wp-content\/uploads\/2017\/12\/121.jpg","_links":{"self":[{"href":"https:\/\/notinor.com\/jujuy\/wp-json\/wp\/v2\/posts\/147821"}],"collection":[{"href":"https:\/\/notinor.com\/jujuy\/wp-json\/wp\/v2\/posts"}],"about":[{"href":"https:\/\/notinor.com\/jujuy\/wp-json\/wp\/v2\/types\/post"}],"author":[{"embeddable":true,"href":"https:\/\/notinor.com\/jujuy\/wp-json\/wp\/v2\/users\/1"}],"replies":[{"embeddable":true,"href":"https:\/\/notinor.com\/jujuy\/wp-json\/wp\/v2\/comments?post=147821"}],"version-history":[{"count":1,"href":"https:\/\/notinor.com\/jujuy\/wp-json\/wp\/v2\/posts\/147821\/revisions"}],"predecessor-version":[{"id":147823,"href":"https:\/\/notinor.com\/jujuy\/wp-json\/wp\/v2\/posts\/147821\/revisions\/147823"}],"wp:featuredmedia":[{"embeddable":true,"href":"https:\/\/notinor.com\/jujuy\/wp-json\/wp\/v2\/media\/147822"}],"wp:attachment":[{"href":"https:\/\/notinor.com\/jujuy\/wp-json\/wp\/v2\/media?parent=147821"}],"wp:term":[{"taxonomy":"category","embeddable":true,"href":"https:\/\/notinor.com\/jujuy\/wp-json\/wp\/v2\/categories?post=147821"},{"taxonomy":"post_tag","embeddable":true,"href":"https:\/\/notinor.com\/jujuy\/wp-json\/wp\/v2\/tags?post=147821"}],"curies":[{"name":"wp","href":"https:\/\/api.w.org\/{rel}","templated":true}]}}