{"id":147751,"date":"2017-12-02T11:14:25","date_gmt":"2017-12-02T14:14:25","guid":{"rendered":"http:\/\/notinor.com\/jujuy\/?p=147751"},"modified":"2017-12-01T20:18:26","modified_gmt":"2017-12-01T23:18:26","slug":"plan-estrategico-gran-jujuy-reuniones-y-talleres-de-diagnostico","status":"publish","type":"post","link":"https:\/\/notinor.com\/jujuy\/plan-estrategico-gran-jujuy-reuniones-y-talleres-de-diagnostico\/","title":{"rendered":"Plan Estrat\u00e9gico Gran Jujuy: Reuniones y talleres de diagnostico"},"content":{"rendered":"<p>&nbsp;<\/p>\n<p><a href=\"http:\/\/notinor.com\/jujuy\/wp-content\/uploads\/2017\/12\/Bot\u00e1nico-01.jpg\"><img decoding=\"async\" loading=\"lazy\" class=\"alignnone size-full wp-image-147755 aligncenter\" src=\"http:\/\/notinor.com\/jujuy\/wp-content\/uploads\/2017\/12\/Bot\u00e1nico-01.jpg\" alt=\"Bot\u00e1nico 01\" width=\"750\" height=\"497\" \/><\/a><\/p>\n<p>En el imponente marco natural Parque Bot\u00e1nico Municipal B\u00ba Mar\u00eda Sch\u00fcel, el \"pulm\u00f3n verde de la ciudad\", funcionarios de los 3 Municipios\u00a0 trabajan en conjunto, en tres ejes claves y estrat\u00e9gicos para las ciudades que conforman el Gran Jujuy, Yala, San Salvador de Jujuy y P\u00e1lpala.<\/p>\n<p>Al respecto el Secretario de Planificaci\u00f3n, Desarrollo y Modernizaci\u00f3n municipal Luciano C\u00f3rdoba detall\u00f3 \"en la jornada hemos presenciado talleres vinculados a lo urbano-territorial, a la producci\u00f3n y aspectos legales para pensar el \u00e1rea metropolitana a futuro.<\/p>\n<p>\"Estamos muy contentos porque lo que se est\u00e1 haciendo hoy es cerrar la etapa de diagn\u00f3stico, donde funcionarios de los 3 municipios presentes escuchan este diagn\u00f3stico y puedan validarlo, para pasar a la pr\u00f3xima etapa que incluye los lineamientos definitivos y la creaci\u00f3n de proyectos.<\/p>\n<p>El Presidente del Concejo Deliberante de la ciudad Lisandro Aguiar puntualiz\u00f3 \"estamos compartiendo las distintas tem\u00e1ticas que hacen a los vecinos que tienen problem\u00e1ticas comunes, analizando en profundo cada uno de estos aspectos de desarrollo de lo que es el Plan Estrat\u00e9gico del Gran Jujuy y de esa manera mejorar la calidad de vida de los vecinos que es el objetivo final de este plan\".-<\/p>\n<p>&nbsp;<\/p>\n<p>&nbsp;<\/p>\n<p>&nbsp;<\/p>\n<p>&nbsp;<\/p>\n<p>&nbsp;<\/p>\n","protected":false},"excerpt":{"rendered":"<p>&nbsp; En el imponente marco natural Parque Bot\u00e1nico Municipal B\u00ba Mar\u00eda Sch\u00fcel, el \"pulm\u00f3n verde de la ciudad\", funcionarios de los 3 Municipios\u00a0 trabajan en conjunto, en tres ejes claves y estrat\u00e9gicos para las ciudades que conforman el Gran Jujuy, Yala, San Salvador de Jujuy y P\u00e1lpala. Al respecto el Secretario de Planificaci\u00f3n, Desarrollo y [&hellip;]<\/p>\n","protected":false},"author":5,"featured_media":147754,"comment_status":"open","ping_status":"open","sticky":false,"template":"","format":"standard","meta":{"_stopmodifiedupdate":false,"_modified_date":"","inline_featured_image":false},"categories":[490],"tags":[],"jetpack_featured_media_url":"https:\/\/notinor.com\/jujuy\/wp-content\/uploads\/2017\/12\/Bot\u00e1nico.jpg","_links":{"self":[{"href":"https:\/\/notinor.com\/jujuy\/wp-json\/wp\/v2\/posts\/147751"}],"collection":[{"href":"https:\/\/notinor.com\/jujuy\/wp-json\/wp\/v2\/posts"}],"about":[{"href":"https:\/\/notinor.com\/jujuy\/wp-json\/wp\/v2\/types\/post"}],"author":[{"embeddable":true,"href":"https:\/\/notinor.com\/jujuy\/wp-json\/wp\/v2\/users\/5"}],"replies":[{"embeddable":true,"href":"https:\/\/notinor.com\/jujuy\/wp-json\/wp\/v2\/comments?post=147751"}],"version-history":[{"count":2,"href":"https:\/\/notinor.com\/jujuy\/wp-json\/wp\/v2\/posts\/147751\/revisions"}],"predecessor-version":[{"id":147756,"href":"https:\/\/notinor.com\/jujuy\/wp-json\/wp\/v2\/posts\/147751\/revisions\/147756"}],"wp:featuredmedia":[{"embeddable":true,"href":"https:\/\/notinor.com\/jujuy\/wp-json\/wp\/v2\/media\/147754"}],"wp:attachment":[{"href":"https:\/\/notinor.com\/jujuy\/wp-json\/wp\/v2\/media?parent=147751"}],"wp:term":[{"taxonomy":"category","embeddable":true,"href":"https:\/\/notinor.com\/jujuy\/wp-json\/wp\/v2\/categories?post=147751"},{"taxonomy":"post_tag","embeddable":true,"href":"https:\/\/notinor.com\/jujuy\/wp-json\/wp\/v2\/tags?post=147751"}],"curies":[{"name":"wp","href":"https:\/\/api.w.org\/{rel}","templated":true}]}}