{"id":147537,"date":"2017-11-30T20:09:37","date_gmt":"2017-11-30T23:09:37","guid":{"rendered":"http:\/\/notinor.com\/jujuy\/?p=147537"},"modified":"2017-12-01T06:47:36","modified_gmt":"2017-12-01T09:47:36","slug":"la-legislatura-aprobo-la-modificacion-de-la-ley-no-4-466-organica-de-municipios","status":"publish","type":"post","link":"https:\/\/notinor.com\/jujuy\/la-legislatura-aprobo-la-modificacion-de-la-ley-no-4-466-organica-de-municipios\/","title":{"rendered":"Se aprob\u00f3 la modificaci\u00f3n a la Ley 4466  Org\u00e1nica de Municipios"},"content":{"rendered":"<p><a href=\"http:\/\/notinor.com\/jujuy\/wp-content\/uploads\/2017\/11\/aprobo.jpg\"><img decoding=\"async\" loading=\"lazy\" class=\"size-full wp-image-147539 aligncenter\" src=\"http:\/\/notinor.com\/jujuy\/wp-content\/uploads\/2017\/11\/aprobo.jpg\" alt=\"aprobo\" width=\"750\" height=\"500\" \/><\/a><\/p>\n<p>La Legislatura de Jujuy, durante la \u00faltima Sesi\u00f3n Ordinaria del a\u00f1o, aprob\u00f3 las Leyes N\u00ba 6.040, N\u00ba 6.041, N\u00ba 6.042, N\u00ba 6.043, N\u00ba 6.044 y N\u00ba 6.045 referidas al ejercicio profesional de los psicopedagogos y de la creaci\u00f3n del colegio profesional de psicopedagogos de la provincia de Jujuy, de marco regulatorio para el desarrollo del turismo activo, de declaraci\u00f3n de la ruta provincial N\u00ba 73 en el tramo Humahuaca-Abra de Zenta con el nombre \"General Manuel Eduardo Arias\", de modificaci\u00f3n de la Ley N\u00ba 4466 \u2013 org\u00e1nica de los municipios, de instituci\u00f3n del a\u00f1o 2018 como \"a\u00f1o del centenario de la Reforma Universitaria\", y de \"recuperaci\u00f3n y puesta en valor del archivo documental del Ingenio La Esperanza; respectivamente.<\/p>\n<p>En relaci\u00f3n a la Ley N\u00ba 6.040, de ejercicio profesional de los psicopedagogos y de la creaci\u00f3n del colegio de profesionales de psicopedagogos de la provincia de Jujuy, la diputada Gladys M\u00e9ndez se\u00f1al\u00f3 \"son profesionales que tienen la necesidad de contar con una ley que regule su profesi\u00f3n. En nuestra provincia es creciente el n\u00famero de profesionales que se desempe\u00f1an en distintos organismos p\u00fablicos y privados, y esta ley viene de la necesidad de regular su profesi\u00f3n, y por los pacientes, a quienes se les dar\u00edan m\u00e1s garant\u00edas por ser un profesional que cumple con normativas vigentes\".<\/p>\n<p>La diputada Alejandra Cejas, por su parte, remarc\u00f3 \"hoy la falta de colegiatura de matriculaci\u00f3n impide que puedan ser reconocidos dentro de las coberturas sociales. Es un proyecto que fue consensuado, conversado y cuenta con gran aceptaci\u00f3n por parte de los profesionales. Vamos a acompa\u00f1ar con gran alegr\u00eda este proyecto\".<\/p>\n<p>La Ley N\u00ba 6.041, de marco regulatorio para el desarrollo del turismo activo, proyecto remitido por el Poder Ejecutivo Provincial, tiene como prop\u00f3sito establecer un marco regulatorio teniendo en cuenta que la rica diversidad geogr\u00e1fica de Jujuy es apta para la pr\u00e1ctica de las distintas actividades relacionadas a este tipo de actividad. El objetivo es regular, controlar, promocionar y fomentar actividades y servicios de turismo activo, como as\u00ed tambi\u00e9n brindar seguridad a los turistas que contraten este tipo de servicios y reglamentar la actividad de los prestadores de los mismos. Por su parte, la diputada por el FUYO, Maria Esther Maman\u00ed, se\u00f1al\u00f3 \"a la hora de la reglamentaci\u00f3n se deber\u00eda tener en cuenta a los operadores o prestadores en territorios ind\u00edgenas, el acuerdo con la comunidad, o de qu\u00e9 manera se va a prever esta situaci\u00f3n; tanto en el norte como en el ramal donde hay comunidades ind\u00edgenas y muchas tienen tierras comunitarias donde se puede hacer turismo y se deber\u00eda hacer un acta acuerdo\". En respuesta, el miembro informante, Ramiro Tiz\u00f3n, coment\u00f3 \"estas cosas se tienen en cuenta en la reglamentaci\u00f3n. Es razonable lo que se plantea y entiendo que si se van a realizar este tipo de acuerdos\".<\/p>\n<p>La Ley N\u00ba 6.042, declaratoria de la ruta provincial N\u00ba 73, en el tramo Humahuaca-Abra de Zenta, bajo el nombre \"General Manuel Eduardo Arias\", se enmarca en el bicentenario del Combate de Humahuaca, conmemorando al h\u00e9roe juje\u00f1o por su loable participaci\u00f3n junto al Ej\u00e9rcito del Norte en la lucha por la independencia Argentina.<\/p>\n<p>En cuanto a la Ley N\u00ba 6.043, de modificaci\u00f3n de la Ley N\u00ba 4.466 \u2013 Org\u00e1nica de Municipios, pretende revertir las distorsiones a la voluntad popular que se producen reiteradamente en la elecci\u00f3n de autoridades de las Comisiones Municipales a partir de la Constituci\u00f3n Provincial de 1986, a pesar de los intentos legislativos tendientes a solucionar el problema.<\/p>\n<p>El texto constitucional consagra un sistema indirecto de elecci\u00f3n de autoridades en las Comisiones Municipales donde es el mismo Concejo Comunal el que \"anualmente elegir\u00e1n en su seno un presidente y un secretario\". En la nueva Ley, se agrava la mayor\u00eda necesaria para su elecci\u00f3n (requiri\u00e9ndose la unanimidad de los cuatro miembros que componen el Concejo Comunal), lo cual privilegia el principio de la soberan\u00eda popular.<\/p>\n<p>La nueva Ley N\u00ba 6.044 instituye el a\u00f1o 2018 como \"A\u00f1o del Centenario de la Reforma Universitaria\", en conmemoraci\u00f3n de la lucha de los estudiantes por lograr la autonom\u00eda y democracia universitaria. Adem\u00e1s, establece que el estado provincial adoptar\u00e1 medidas necesarias a fin de que la leyenda sea utilizada en todo documento oficial, adem\u00e1s de auspiciar actividades, seminarios, conferencias y programas educativos que contribuyan a la difusi\u00f3n de los hechos alusivos.<\/p>\n<p>Por \u00faltimo, la C\u00e1mara aprob\u00f3 la Ley N\u00ba 6.045 de recuperaci\u00f3n y puesta en valor del archivo documental del Ingenio La Esperanza, ya que, como se\u00f1al\u00f3 la diputada Gladys M\u00e9ndez \"ayudar\u00e1 a un an\u00e1lisis macro y microecon\u00f3mico que permita abordar estudios de la econom\u00eda de la provincia, como as\u00ed tambi\u00e9n culturales y sociales. Nuestra decisi\u00f3n es la de protegerlo, recuperarlo, interpretarlo y poder difundirlo. Estaremos, entonces, conservando la identidad de los juje\u00f1os y los esperance\u00f1os\".<\/p>\n<h2><strong>INGRES\u00d3 EL PRESUPUESTO PARA EL EJERCICIO FISCAL 2018<\/strong><\/h2>\n<p>Adem\u00e1s, ingres\u00f3 al Poder Legislativo el presupuesto de gastos y c\u00e1lculo de recursos de la administraci\u00f3n p\u00fablica provincial para el ejercicio fiscal 2018.<\/p>\n<p>El presupuesto, fijado en 43 mil millones de pesos, ser\u00e1 defendido el pr\u00f3ximo mi\u00e9rcoles por el ministro de hacienda, Carlos Sadir, con funcionarios del \u00e1rea en la Comisi\u00f3n de Finanzas.<\/p>\n","protected":false},"excerpt":{"rendered":"<p>La Legislatura de Jujuy, durante la \u00faltima Sesi\u00f3n Ordinaria del a\u00f1o, aprob\u00f3 las Leyes N\u00ba 6.040, N\u00ba 6.041, N\u00ba 6.042, N\u00ba 6.043, N\u00ba 6.044 y N\u00ba 6.045 referidas al ejercicio profesional de los psicopedagogos y de la creaci\u00f3n del colegio profesional de psicopedagogos de la provincia de Jujuy, de marco regulatorio para el desarrollo del [&hellip;]<\/p>\n","protected":false},"author":5,"featured_media":147538,"comment_status":"open","ping_status":"open","sticky":false,"template":"","format":"standard","meta":{"_stopmodifiedupdate":false,"_modified_date":"","inline_featured_image":false},"categories":[485],"tags":[],"jetpack_featured_media_url":"https:\/\/notinor.com\/jujuy\/wp-content\/uploads\/2017\/11\/aprobo1.jpg","_links":{"self":[{"href":"https:\/\/notinor.com\/jujuy\/wp-json\/wp\/v2\/posts\/147537"}],"collection":[{"href":"https:\/\/notinor.com\/jujuy\/wp-json\/wp\/v2\/posts"}],"about":[{"href":"https:\/\/notinor.com\/jujuy\/wp-json\/wp\/v2\/types\/post"}],"author":[{"embeddable":true,"href":"https:\/\/notinor.com\/jujuy\/wp-json\/wp\/v2\/users\/5"}],"replies":[{"embeddable":true,"href":"https:\/\/notinor.com\/jujuy\/wp-json\/wp\/v2\/comments?post=147537"}],"version-history":[{"count":3,"href":"https:\/\/notinor.com\/jujuy\/wp-json\/wp\/v2\/posts\/147537\/revisions"}],"predecessor-version":[{"id":147592,"href":"https:\/\/notinor.com\/jujuy\/wp-json\/wp\/v2\/posts\/147537\/revisions\/147592"}],"wp:featuredmedia":[{"embeddable":true,"href":"https:\/\/notinor.com\/jujuy\/wp-json\/wp\/v2\/media\/147538"}],"wp:attachment":[{"href":"https:\/\/notinor.com\/jujuy\/wp-json\/wp\/v2\/media?parent=147537"}],"wp:term":[{"taxonomy":"category","embeddable":true,"href":"https:\/\/notinor.com\/jujuy\/wp-json\/wp\/v2\/categories?post=147537"},{"taxonomy":"post_tag","embeddable":true,"href":"https:\/\/notinor.com\/jujuy\/wp-json\/wp\/v2\/tags?post=147537"}],"curies":[{"name":"wp","href":"https:\/\/api.w.org\/{rel}","templated":true}]}}