{"id":14672,"date":"2015-01-31T04:20:57","date_gmt":"2015-01-31T07:20:57","guid":{"rendered":"http:\/\/notinor.com\/jujuy\/?p=14672"},"modified":"2015-02-01T10:31:41","modified_gmt":"2015-02-01T13:31:41","slug":"a-partir-de-hoy-el-boleto-costara-5-pesos","status":"publish","type":"post","link":"https:\/\/notinor.com\/jujuy\/a-partir-de-hoy-el-boleto-costara-5-pesos\/","title":{"rendered":"Desde el s\u00e1bado 31 de enero el boleto costar\u00e1 5 pesos"},"content":{"rendered":"<p>El nuevo importe es de 5 pesos para todo el ejido urbano, as\u00ed lo resolvi\u00f3 el Tribunal Contencioso Administrativo en Feria de la Provincia de Jujuy quien resolvi\u00f3 no hacer lugar a las medidas cautelares que fueron solicitadas por el concejal Jos\u00e9 Luis Bejarano e integrantes del Frente Unidos y Organizados.<\/p>\n<p>A su vez tambi\u00e9n se rechazo la acci\u00f3n promovida por la Asociaci\u00f3n de Usuarios y Consumidores Comit\u00e9 del Consumidor (CODELCO) y Mar\u00eda del Carmen Mi\u00f1\u00e1n.<\/p>\n<p>A partir de la fecha el importe del boleto urbano de pasajeros pasara a costar 5 pesos, cobrando vigencia lo establecido por el Decreto de Necesidad y Urgencia 0001.15.0009.<\/p>\n","protected":false},"excerpt":{"rendered":"<p>El nuevo importe es de 5 pesos para todo el ejido urbano, as\u00ed lo resolvi\u00f3 el Tribunal Contencioso Administrativo en Feria de la Provincia de Jujuy quien resolvi\u00f3 no hacer lugar a las medidas cautelares que fueron solicitadas por el concejal Jos\u00e9 Luis Bejarano e integrantes del Frente Unidos y Organizados. A su vez tambi\u00e9n [&hellip;]<\/p>\n","protected":false},"author":1,"featured_media":14673,"comment_status":"open","ping_status":"open","sticky":false,"template":"","format":"standard","meta":{"_stopmodifiedupdate":false,"_modified_date":"","inline_featured_image":false,"spay_email":"","jetpack_publicize_message":""},"categories":[485],"tags":[],"jetpack_featured_media_url":"https:\/\/notinor.com\/jujuy\/wp-content\/uploads\/2015\/01\/colectivos-paro1.jpg","jetpack_publicize_connections":[],"_links":{"self":[{"href":"https:\/\/notinor.com\/jujuy\/wp-json\/wp\/v2\/posts\/14672"}],"collection":[{"href":"https:\/\/notinor.com\/jujuy\/wp-json\/wp\/v2\/posts"}],"about":[{"href":"https:\/\/notinor.com\/jujuy\/wp-json\/wp\/v2\/types\/post"}],"author":[{"embeddable":true,"href":"https:\/\/notinor.com\/jujuy\/wp-json\/wp\/v2\/users\/1"}],"replies":[{"embeddable":true,"href":"https:\/\/notinor.com\/jujuy\/wp-json\/wp\/v2\/comments?post=14672"}],"version-history":[{"count":2,"href":"https:\/\/notinor.com\/jujuy\/wp-json\/wp\/v2\/posts\/14672\/revisions"}],"predecessor-version":[{"id":14771,"href":"https:\/\/notinor.com\/jujuy\/wp-json\/wp\/v2\/posts\/14672\/revisions\/14771"}],"wp:featuredmedia":[{"embeddable":true,"href":"https:\/\/notinor.com\/jujuy\/wp-json\/wp\/v2\/media\/14673"}],"wp:attachment":[{"href":"https:\/\/notinor.com\/jujuy\/wp-json\/wp\/v2\/media?parent=14672"}],"wp:term":[{"taxonomy":"category","embeddable":true,"href":"https:\/\/notinor.com\/jujuy\/wp-json\/wp\/v2\/categories?post=14672"},{"taxonomy":"post_tag","embeddable":true,"href":"https:\/\/notinor.com\/jujuy\/wp-json\/wp\/v2\/tags?post=14672"}],"curies":[{"name":"wp","href":"https:\/\/api.w.org\/{rel}","templated":true}]}}