{"id":14669,"date":"2015-01-31T00:00:20","date_gmt":"2015-01-31T03:00:20","guid":{"rendered":"http:\/\/notinor.com\/jujuy\/?p=14669"},"modified":"2015-01-31T04:00:02","modified_gmt":"2015-01-31T07:00:02","slug":"fallecio-carlos-brizuela","status":"publish","type":"post","link":"https:\/\/notinor.com\/jujuy\/fallecio-carlos-brizuela\/","title":{"rendered":"Falleci\u00f3 Carlos Brizuela"},"content":{"rendered":"<p>El folclorista Carlos Brizuela, quien fue integrante de Los Cantores del Alba, falleci\u00f3 anoche a los 67 a\u00f1os en un sanatrio del centro de Catamarca donde estaba internado desde hace m\u00e1s de dos semanas.<\/p>\n<p>A causa del agravamiento de una larga enfermedad, el m\u00fasico permanec\u00eda internado en la Unidad Coronaria del sanatorio Pasteur<\/p>\n<p>Los inicios de la carrera musical de Brizuela datan de la d\u00e9cada del 60 cuando integr\u00f3 Los de Catamarca, junto a Marcelo Amador y m\u00e1s tarde form\u00f3 parte del grupo Los Sembradores junto a Marcos Ib\u00e1\u00f1ez, Carlos Baz\u00e1n, y Milc\u00edades Arancibia.<\/p>\n<p>&nbsp;<\/p>\n<p>En 1974 integr\u00f3 el m\u00edtico conjunto salte\u00f1o Los Nocheros de Anta, donde su camino comenz\u00f3 a hacerse internacional, aunque fue con los Cantores del Alba, al que ingres\u00f3 en 1982 en reemplazo de Cabana Flores, en donde obtuvo un reconocimiento m\u00e1s vasto.<\/p>\n<p>&nbsp;<\/p>\n<p>Como integrante de a formaci\u00f3n que desde 1959 encabezaron Tom\u00e1s Tut\u00fa Campos y Gilberto Vaca lleg\u00f3 actuar en escenarios de Estados Unidos y hasta en el exclusivo caberet Lido de Par\u00eds.<\/p>\n<p>&nbsp;<\/p>\n<p>Tras la muerte del fundador del grupo \u201cTut\u00fa\u201d Campos y luego de a\u00f1os de disputa judicial, Brizuela fue reconocido como el \u00fanico due\u00f1o del nombre Los Cantores del Alba.<\/p>\n<p>&nbsp;<\/p>\n<p>En el a\u00f1o 2009, Brizuela recibi\u00f3 el reconocimiento del Senado provincial y se le otorg\u00f3 una pensi\u00f3n al m\u00e9rito art\u00edstico que tambi\u00e9n mereci\u00f3 entonces Carlos Baz\u00e1n, ex-Trio San Javier.<\/p>\n","protected":false},"excerpt":{"rendered":"<p>El folclorista Carlos Brizuela, quien fue integrante de Los Cantores del Alba, falleci\u00f3 anoche a los 67 a\u00f1os en un sanatrio del centro de Catamarca donde estaba internado desde hace m\u00e1s de dos semanas. A causa del agravamiento de una larga enfermedad, el m\u00fasico permanec\u00eda internado en la Unidad Coronaria del sanatorio Pasteur Los inicios [&hellip;]<\/p>\n","protected":false},"author":1,"featured_media":14670,"comment_status":"open","ping_status":"open","sticky":false,"template":"","format":"standard","meta":{"_stopmodifiedupdate":false,"_modified_date":"","inline_featured_image":false,"spay_email":"","jetpack_publicize_message":""},"categories":[21],"tags":[],"jetpack_featured_media_url":"https:\/\/notinor.com\/jujuy\/wp-content\/uploads\/2015\/01\/Carlos-Brizuela.jpg","jetpack_publicize_connections":[],"_links":{"self":[{"href":"https:\/\/notinor.com\/jujuy\/wp-json\/wp\/v2\/posts\/14669"}],"collection":[{"href":"https:\/\/notinor.com\/jujuy\/wp-json\/wp\/v2\/posts"}],"about":[{"href":"https:\/\/notinor.com\/jujuy\/wp-json\/wp\/v2\/types\/post"}],"author":[{"embeddable":true,"href":"https:\/\/notinor.com\/jujuy\/wp-json\/wp\/v2\/users\/1"}],"replies":[{"embeddable":true,"href":"https:\/\/notinor.com\/jujuy\/wp-json\/wp\/v2\/comments?post=14669"}],"version-history":[{"count":1,"href":"https:\/\/notinor.com\/jujuy\/wp-json\/wp\/v2\/posts\/14669\/revisions"}],"predecessor-version":[{"id":14671,"href":"https:\/\/notinor.com\/jujuy\/wp-json\/wp\/v2\/posts\/14669\/revisions\/14671"}],"wp:featuredmedia":[{"embeddable":true,"href":"https:\/\/notinor.com\/jujuy\/wp-json\/wp\/v2\/media\/14670"}],"wp:attachment":[{"href":"https:\/\/notinor.com\/jujuy\/wp-json\/wp\/v2\/media?parent=14669"}],"wp:term":[{"taxonomy":"category","embeddable":true,"href":"https:\/\/notinor.com\/jujuy\/wp-json\/wp\/v2\/categories?post=14669"},{"taxonomy":"post_tag","embeddable":true,"href":"https:\/\/notinor.com\/jujuy\/wp-json\/wp\/v2\/tags?post=14669"}],"curies":[{"name":"wp","href":"https:\/\/api.w.org\/{rel}","templated":true}]}}