{"id":14663,"date":"2015-01-31T03:27:02","date_gmt":"2015-01-31T06:27:02","guid":{"rendered":"http:\/\/notinor.com\/jujuy\/?p=14663"},"modified":"2015-01-31T03:27:02","modified_gmt":"2015-01-31T06:27:02","slug":"los-ahijaditos-festejaron-su-dia","status":"publish","type":"post","link":"https:\/\/notinor.com\/jujuy\/los-ahijaditos-festejaron-su-dia\/","title":{"rendered":"Los ahijaditos festejaron su d\u00eda"},"content":{"rendered":"<p>Una tarde amena donde festejaron con coplas y canto de la mano de Noelia Gareca.<\/p>\n<p>Durante el jueves en la Casa Museo Macedonio Graz se llevo a cabo un curso de canto y coplas junto a Noelia Gareca donde les ense\u00f1o a tocar este noble instrumento, para luego concluir con una exposici\u00f3n y as\u00ed demostrar lo aprendido ante el p\u00fablico presente.<\/p>\n<p>A su vez el jueves 29 marca el inicio del carnaval juje\u00f1o con el festejo junto a los m\u00e1s peque\u00f1os, donde fueron homenajeados por la artista quien realizo un recital con diferentes temas y estuvo acompa\u00f1ada con la guitarra por Leonel Vargas y comparti\u00f3 el escenario con Joaqu\u00edn L\u00f3pez, quienes finalizaron con coplas.<\/p>\n<p>Las im\u00e1genes de la tade <a href=\"https:\/\/www.facebook.com\/media\/set\/?set=a.320107198186113.1073742097.112481385615363&amp;type=1\"><strong>HACER CLICK AQU\u00cd.<\/strong><\/a><\/p>\n<p>&nbsp;<\/p>\n<p><iframe loading=\"lazy\" src=\"https:\/\/www.youtube.com\/embed\/vYNasCQkiaQ\" width=\"679\" height=\"509\" frameborder=\"0\" allowfullscreen=\"allowfullscreen\"><\/iframe><\/p>\n<p>&nbsp;<\/p>\n","protected":false},"excerpt":{"rendered":"<p>Una tarde amena donde festejaron con coplas y canto de la mano de Noelia Gareca. Durante el jueves en la Casa Museo Macedonio Graz se llevo a cabo un curso de canto y coplas junto a Noelia Gareca donde les ense\u00f1o a tocar este noble instrumento, para luego concluir con una exposici\u00f3n y as\u00ed demostrar [&hellip;]<\/p>\n","protected":false},"author":1,"featured_media":14664,"comment_status":"open","ping_status":"open","sticky":false,"template":"","format":"standard","meta":{"_stopmodifiedupdate":false,"_modified_date":"","inline_featured_image":false,"spay_email":"","jetpack_publicize_message":""},"categories":[21],"tags":[],"jetpack_featured_media_url":"https:\/\/notinor.com\/jujuy\/wp-content\/uploads\/2015\/01\/noelia-gareca-ahijados.jpg","jetpack_publicize_connections":[],"_links":{"self":[{"href":"https:\/\/notinor.com\/jujuy\/wp-json\/wp\/v2\/posts\/14663"}],"collection":[{"href":"https:\/\/notinor.com\/jujuy\/wp-json\/wp\/v2\/posts"}],"about":[{"href":"https:\/\/notinor.com\/jujuy\/wp-json\/wp\/v2\/types\/post"}],"author":[{"embeddable":true,"href":"https:\/\/notinor.com\/jujuy\/wp-json\/wp\/v2\/users\/1"}],"replies":[{"embeddable":true,"href":"https:\/\/notinor.com\/jujuy\/wp-json\/wp\/v2\/comments?post=14663"}],"version-history":[{"count":1,"href":"https:\/\/notinor.com\/jujuy\/wp-json\/wp\/v2\/posts\/14663\/revisions"}],"predecessor-version":[{"id":14665,"href":"https:\/\/notinor.com\/jujuy\/wp-json\/wp\/v2\/posts\/14663\/revisions\/14665"}],"wp:featuredmedia":[{"embeddable":true,"href":"https:\/\/notinor.com\/jujuy\/wp-json\/wp\/v2\/media\/14664"}],"wp:attachment":[{"href":"https:\/\/notinor.com\/jujuy\/wp-json\/wp\/v2\/media?parent=14663"}],"wp:term":[{"taxonomy":"category","embeddable":true,"href":"https:\/\/notinor.com\/jujuy\/wp-json\/wp\/v2\/categories?post=14663"},{"taxonomy":"post_tag","embeddable":true,"href":"https:\/\/notinor.com\/jujuy\/wp-json\/wp\/v2\/tags?post=14663"}],"curies":[{"name":"wp","href":"https:\/\/api.w.org\/{rel}","templated":true}]}}