{"id":14638,"date":"2015-01-31T00:03:33","date_gmt":"2015-01-31T03:03:33","guid":{"rendered":"http:\/\/notinor.com\/jujuy\/?p=14638"},"modified":"2015-01-30T22:20:15","modified_gmt":"2015-01-31T01:20:15","slug":"el-viaje-de-la-presidente-a-china-aplaza-el-fallo-del-caso-ciccone","status":"publish","type":"post","link":"https:\/\/notinor.com\/jujuy\/el-viaje-de-la-presidente-a-china-aplaza-el-fallo-del-caso-ciccone\/","title":{"rendered":"El viaje de la Presidente a China aplaza el fallo del caso Ciccone"},"content":{"rendered":"<p>El viaje oficial de Cristina Kirchner a la Rep\u00fablica Popular China, entre el martes y el jueves de la semana que viene, le da unos d\u00edas m\u00e1s de aire al vicepresidente, Amado Boudou, que desde hace semanas est\u00e1 alejado de la agenda medi\u00e1tica.<\/p>\n<p>Antes de asistir al acto de hoy en la Casa Rosada, su \u00faltima aparici\u00f3n p\u00fablica hab\u00eda sido el 22, cuando acompa\u00f1\u00f3 a Evo Morales en la asunci\u00f3n de su tercer mandato al frente de Bolivia, ocasi\u00f3n en la que sostuvo que la muerte de Alberto Nisman era una \"operaci\u00f3n para desgastar al Gobierno\".<\/p>\n<p>Seg\u00fan fuentes judiciales, los integrantes de la Sala I de la C\u00e1mara Federal porte\u00f1a ten\u00edan previsto resolver la semana pr\u00f3xima lo escrito por el juez Ariel Lijo en el marco del expediente Ciccone, en el que el magistrado proces\u00f3 por cohecho y negociaciones incompatibles al vicepresidente, a su socio, Jos\u00e9 Mar\u00eda N\u00fa\u00f1ez Carmona, al fundador de la imprenta, Nicol\u00e1s Ciccone, y a su yerno, Guillermo Reinwick.<\/p>\n<p>La gira de la jefa de Estado por el pa\u00eds asi\u00e1tico trastoc\u00f3 los planes de los camaristas Eduardo Freiler, Eduardo Farah y Jorge Ballestero, que ya acordaron confirmar lo escrito por Lijo: la ausencia de Cristina Kirchner ubica a Boudou autom\u00e1ticamente al frente de la Presidencia, y los jueces no est\u00e1n dispuestos a dejar al vice al borde de un nuevo juicio oral mientras detente ese cargo, aunque solo sea una formalidad.<\/p>\n<p>Seg\u00fan pudo saber Infobae, el fallo de la C\u00e1mara Federal reci\u00e9n ver\u00eda la luz en la segunda quincena de febrero. Fuentes judiciales arriesgan que el martes 20 podr\u00eda ser una posibilidad.<\/p>\n<p>La \u00fanica duda entre los camaristas radica en el rol del titular de la AFIP, Ricardo Echegaray, que mantiene una feroz disputa en los tribunales con el vicepresidente, y en la situaci\u00f3n procesal de alguno de los integrantes de la familia Ciccone.<\/p>\n<p>M\u00e1s all\u00e1 de la fecha, cuando la resoluci\u00f3n de c\u00e1mara se formalice, Boudou quedar\u00e1 al borde de un segundo juicio oral. En octubre del a\u00f1o pasado, la sala II de la C\u00e1mara Federal hab\u00eda ratificado el procesamiento del funcionario dispuesto por el juez Claudio Bonadio por la adulteraci\u00f3n de los papeles de un autom\u00f3vil Honda modelo 92.<\/p>\n<p>Semanas despu\u00e9s de ese fallo, que lo coloc\u00f3 nuevamente en el ojo de la tormenta, el vicepresidente volvi\u00f3 a correrse de escena. El revuelo tribunalicio por Hotesur, la sociedad hotelera en la que se investiga a la Presidente y su familia, y la reciente muerte del fiscal Alberto Nisman corrieron por completo a Boudou del eje medi\u00e1tico, pol\u00edtico y judicial. En su entorno, de hecho, aseguran que hasta recibi\u00f3 con cierto alivio los ajenos achaques judiciales. La gira de Cristina Kirchner por el gigante asi\u00e1tico, que finalizar\u00e1 el jueves 5 y contar\u00e1 con la presencia de una nutrida delegaci\u00f3n de empresarios, le da algo m\u00e1s de ox\u00edgeno al ex ministro y ex titular de la ANSES.<\/p>\n","protected":false},"excerpt":{"rendered":"<p>El viaje oficial de Cristina Kirchner a la Rep\u00fablica Popular China, entre el martes y el jueves de la semana que viene, le da unos d\u00edas m\u00e1s de aire al vicepresidente, Amado Boudou, que desde hace semanas est\u00e1 alejado de la agenda medi\u00e1tica. Antes de asistir al acto de hoy en la Casa Rosada, su [&hellip;]<\/p>\n","protected":false},"author":1,"featured_media":14639,"comment_status":"open","ping_status":"open","sticky":false,"template":"","format":"standard","meta":{"_stopmodifiedupdate":false,"_modified_date":"","inline_featured_image":false,"spay_email":"","jetpack_publicize_message":""},"categories":[5],"tags":[],"jetpack_featured_media_url":"https:\/\/notinor.com\/jujuy\/wp-content\/uploads\/2015\/01\/boudou-presidente-2.jpg","jetpack_publicize_connections":[],"_links":{"self":[{"href":"https:\/\/notinor.com\/jujuy\/wp-json\/wp\/v2\/posts\/14638"}],"collection":[{"href":"https:\/\/notinor.com\/jujuy\/wp-json\/wp\/v2\/posts"}],"about":[{"href":"https:\/\/notinor.com\/jujuy\/wp-json\/wp\/v2\/types\/post"}],"author":[{"embeddable":true,"href":"https:\/\/notinor.com\/jujuy\/wp-json\/wp\/v2\/users\/1"}],"replies":[{"embeddable":true,"href":"https:\/\/notinor.com\/jujuy\/wp-json\/wp\/v2\/comments?post=14638"}],"version-history":[{"count":1,"href":"https:\/\/notinor.com\/jujuy\/wp-json\/wp\/v2\/posts\/14638\/revisions"}],"predecessor-version":[{"id":14640,"href":"https:\/\/notinor.com\/jujuy\/wp-json\/wp\/v2\/posts\/14638\/revisions\/14640"}],"wp:featuredmedia":[{"embeddable":true,"href":"https:\/\/notinor.com\/jujuy\/wp-json\/wp\/v2\/media\/14639"}],"wp:attachment":[{"href":"https:\/\/notinor.com\/jujuy\/wp-json\/wp\/v2\/media?parent=14638"}],"wp:term":[{"taxonomy":"category","embeddable":true,"href":"https:\/\/notinor.com\/jujuy\/wp-json\/wp\/v2\/categories?post=14638"},{"taxonomy":"post_tag","embeddable":true,"href":"https:\/\/notinor.com\/jujuy\/wp-json\/wp\/v2\/tags?post=14638"}],"curies":[{"name":"wp","href":"https:\/\/api.w.org\/{rel}","templated":true}]}}