{"id":14635,"date":"2015-01-31T00:02:07","date_gmt":"2015-01-31T03:02:07","guid":{"rendered":"http:\/\/notinor.com\/jujuy\/?p=14635"},"modified":"2015-01-30T22:17:21","modified_gmt":"2015-01-31T01:17:21","slug":"veron-el-gobierno-deberia-destinar-el-dinero-de-futbol-para-todos-a-colegios-y-hospitales","status":"publish","type":"post","link":"https:\/\/notinor.com\/jujuy\/veron-el-gobierno-deberia-destinar-el-dinero-de-futbol-para-todos-a-colegios-y-hospitales\/","title":{"rendered":"Ver\u00f3n: \"El Gobierno deber\u00eda destinar el dinero de F\u00fatbol Para Todos a colegios y hospitales\""},"content":{"rendered":"<p>El presidente de Estudiantes de La Plata, Juan Sebasti\u00e1n Ver\u00f3n, plante\u00f3 que el gobierno nacional \"podr\u00eda invertir parte del dinero\" que gasta en el programa F\u00fatbol para Todos \"en colegios y hospitales\", al tiempo que lig\u00f3 la inseguridad a la \"falta de trabajo y de educaci\u00f3n\" y abog\u00f3 por el di\u00e1logo pol\u00edtico y social: \"hay que saber escuchar\", se\u00f1al\u00f3 en relaci\u00f3n al que \"piensa distinto\".<\/p>\n<p>\"Si al Gobierno le interesa el f\u00fatbol porque quiere que siga como est\u00e1 ahora y que la gente pueda tener acceso libremente, est\u00e1 perfecto. Pero no me parece que se sostenga s\u00f3lo desde un lugar\", explic\u00f3 la \"Brujita\" en una extensa entrevista al suplemento Clase Ejecutiva del diario El Cronista Comercial.<\/p>\n<p>En ese sentido, el ex mediocampista creativo, quien disput\u00f3 tres Copas del Mundo con el seleccionado argentino, destac\u00f3 que pretende que su club no dependa tanto del dinero que ingresa por derechos de televisaci\u00f3n (unos 23 millones de pesos anuales).<\/p>\n<p>\"Queremos que sea un recurso, pero no el \u00fanico motivo al que te aferres para sobrevivir. Pero hoy, dada la situaci\u00f3n en la que estamos, es clave. Y estamos obligados a descapitalizarnos vendiendo jugadores j\u00f3venes para tapar los agujeros que tenemos. Nos encantar\u00eda tenerlos un poco m\u00e1s, pero lamentablemente no podemos\", detall\u00f3.<\/p>\n<p>En relaci\u00f3n a la situaci\u00f3n pol\u00edtica del pa\u00eds, Ver\u00f3n resalt\u00f3 que \"hoy estamos en una situaci\u00f3n donde no se mira ni se escucha al que piensa distinto y se ve s\u00f3lo lo que se quiere ver\". \"Tal vez, en otro momento hab\u00eda mayor amplitud, m\u00e1s di\u00e1logo. Ahora se est\u00e1 encerrado, como si cada uno se metiera en una caja y no viera nada m\u00e1s que la posici\u00f3n propia. Cuando es as\u00ed, es dif\u00edcil mejorar: se escucha s\u00f3lo a la persona que se quiere escuchar. Si plante\u00e1s que el Gobierno hizo algo bien, sos kirchnerista; y si dec\u00eds que hizo algo mal, sos golpista\", subray\u00f3.<\/p>\n<p>Por otro lado, el presidente del \"Pincha\" se mostr\u00f3 preocupado por la inseguridad y lo lig\u00f3 a problemas relacionados con la falta \"de trabajo y de educaci\u00f3n, a partir de los cuales los chicos van perdiendo valores y respeto\". \"Quienes tendr\u00edan que brindar seguridad deber\u00edan ponerse a trabajar en algo serio, y que el tipo que delinque no entre por una puerta y salga por la otra al rato\", agreg\u00f3.<\/p>\n<p>Finalmente, con relaci\u00f3n al certamen de 30 participantes destac\u00f3 que \"el formato de torneo largo\" le gusta, aunque \"con menos equipos\". \"No tengo nada con los que ascendieron y me parece bien que todos se hayan ganado la chance de jugar en Primera; pero, cuando ves c\u00f3mo se va a distribuir el campeonato, te das cuenta por qu\u00e9 no se puede. Las fechas se empiezan a jugar un jueves y terminan un lunes: eso te da la pauta de por qu\u00e9 tienen que ser menos. Econ\u00f3micamente no les sirve a los clubes y a la programaci\u00f3n del f\u00fatbol tampoco, pero hoy es as\u00ed y hay que disputarlo\", afirm\u00f3.<\/p>\n","protected":false},"excerpt":{"rendered":"<p>El presidente de Estudiantes de La Plata, Juan Sebasti\u00e1n Ver\u00f3n, plante\u00f3 que el gobierno nacional \"podr\u00eda invertir parte del dinero\" que gasta en el programa F\u00fatbol para Todos \"en colegios y hospitales\", al tiempo que lig\u00f3 la inseguridad a la \"falta de trabajo y de educaci\u00f3n\" y abog\u00f3 por el di\u00e1logo pol\u00edtico y social: \"hay [&hellip;]<\/p>\n","protected":false},"author":1,"featured_media":14636,"comment_status":"open","ping_status":"open","sticky":false,"template":"","format":"standard","meta":{"_stopmodifiedupdate":false,"_modified_date":"","inline_featured_image":false,"spay_email":"","jetpack_publicize_message":""},"categories":[5],"tags":[],"jetpack_featured_media_url":"https:\/\/notinor.com\/jujuy\/wp-content\/uploads\/2015\/01\/veron-futbol-para-todos.jpg","jetpack_publicize_connections":[],"_links":{"self":[{"href":"https:\/\/notinor.com\/jujuy\/wp-json\/wp\/v2\/posts\/14635"}],"collection":[{"href":"https:\/\/notinor.com\/jujuy\/wp-json\/wp\/v2\/posts"}],"about":[{"href":"https:\/\/notinor.com\/jujuy\/wp-json\/wp\/v2\/types\/post"}],"author":[{"embeddable":true,"href":"https:\/\/notinor.com\/jujuy\/wp-json\/wp\/v2\/users\/1"}],"replies":[{"embeddable":true,"href":"https:\/\/notinor.com\/jujuy\/wp-json\/wp\/v2\/comments?post=14635"}],"version-history":[{"count":1,"href":"https:\/\/notinor.com\/jujuy\/wp-json\/wp\/v2\/posts\/14635\/revisions"}],"predecessor-version":[{"id":14637,"href":"https:\/\/notinor.com\/jujuy\/wp-json\/wp\/v2\/posts\/14635\/revisions\/14637"}],"wp:featuredmedia":[{"embeddable":true,"href":"https:\/\/notinor.com\/jujuy\/wp-json\/wp\/v2\/media\/14636"}],"wp:attachment":[{"href":"https:\/\/notinor.com\/jujuy\/wp-json\/wp\/v2\/media?parent=14635"}],"wp:term":[{"taxonomy":"category","embeddable":true,"href":"https:\/\/notinor.com\/jujuy\/wp-json\/wp\/v2\/categories?post=14635"},{"taxonomy":"post_tag","embeddable":true,"href":"https:\/\/notinor.com\/jujuy\/wp-json\/wp\/v2\/tags?post=14635"}],"curies":[{"name":"wp","href":"https:\/\/api.w.org\/{rel}","templated":true}]}}