{"id":14630,"date":"2015-01-31T00:01:43","date_gmt":"2015-01-31T03:01:43","guid":{"rendered":"http:\/\/notinor.com\/jujuy\/?p=14630"},"modified":"2015-01-30T22:14:48","modified_gmt":"2015-01-31T01:14:48","slug":"la-totalidad-del-personal-de-inteligencia-pasara-a-la-nueva-side-de-cristina","status":"publish","type":"post","link":"https:\/\/notinor.com\/jujuy\/la-totalidad-del-personal-de-inteligencia-pasara-a-la-nueva-side-de-cristina\/","title":{"rendered":"La totalidad del personal de inteligencia pasar\u00e1 a la nueva SIDE de Cristina"},"content":{"rendered":"<p>Seg\u00fan el proyecto que el Poder Ejecutivo envi\u00f3 al Senado, \"la totalidad del personal\" que formaba parte de la Secretar\u00eda de Inteligencia (SI) pasar\u00eda a la nueva Agencia Federal de Inteligencia (AFI).<\/p>\n<p>As\u00ed lo determina en el cap\u00edtulo 1 del T\u00edtulo II del proyecto, en el que se dispone la disoluci\u00f3n de la SI. \"Disu\u00e9lvase la Secretar\u00eda de Inteligencia y transfi\u00e9rase la totalidad del personal, bienes, activos y patrimonio a la Agencia Federal de Inteligencia con excepci\u00f3n de los bienes afectados a la Direcci\u00f3n de Observaciones Judiciales, que ser\u00e1n transferidos al Ministerio P\u00fablico.\", dice el escrito.<\/p>\n<p>En el mismo punto detalla: \"El personal mantendr\u00e1 sus respectivos niveles, grados y categor\u00edas de revista escalafonarios, sin perjuicio de la asignaci\u00f3n de nuevas funciones derivadas de los sustanciales cambios previstos en esta ley\". El proyecto fue anunciado luego de la muerte del fiscal Alberto Nisman , que hab\u00eda presentado una denuncia que involucraba a la Presidenta en un presunto pacto para exonerar a los iran\u00edes acusados por el atentado a la AMIA<\/p>\n<p>La convocatoria para tratar el proyecto en febrero fue publicada hoy en el Bolet\u00edn Oficial. En cadena nacional, durante el anuncio de la disoluci\u00f3n de la SI, la presidenta Cristina Kirchner indic\u00f3 que el Ejecutivo designar\u00e1 un director y subdirector para la AFI, que deber\u00e1n ser aprobados por el Senado.<\/p>\n<p>El proyecto establece tambi\u00e9n que \"el cese de ambos funcionarios podr\u00e1 ser dispuesto por el Poder Ejecutivo\".<\/p>\n<p>Adem\u00e1s se determino la transferencia del sistema de escuchas telef\u00f3nicas a la Procuraci\u00f3n General de la Naci\u00f3n, hecho que despert\u00f3 varias cr\u00edticas de la oposici\u00f3n.<\/p>\n<p><a href=\"http:\/\/es.scribd.com\/doc\/254221519\/Reforma-de-Inteligencia\">LEA EL PROYECTO DE \"REFORMA\" AQUI<\/a><\/p>\n","protected":false},"excerpt":{"rendered":"<p>Seg\u00fan el proyecto que el Poder Ejecutivo envi\u00f3 al Senado, \"la totalidad del personal\" que formaba parte de la Secretar\u00eda de Inteligencia (SI) pasar\u00eda a la nueva Agencia Federal de Inteligencia (AFI). As\u00ed lo determina en el cap\u00edtulo 1 del T\u00edtulo II del proyecto, en el que se dispone la disoluci\u00f3n de la SI. \"Disu\u00e9lvase [&hellip;]<\/p>\n","protected":false},"author":1,"featured_media":14633,"comment_status":"open","ping_status":"open","sticky":false,"template":"","format":"standard","meta":{"_stopmodifiedupdate":false,"_modified_date":"","inline_featured_image":false,"spay_email":"","jetpack_publicize_message":""},"categories":[5],"tags":[],"jetpack_featured_media_url":"https:\/\/notinor.com\/jujuy\/wp-content\/uploads\/2015\/01\/SIDE-2.jpg","jetpack_publicize_connections":[],"_links":{"self":[{"href":"https:\/\/notinor.com\/jujuy\/wp-json\/wp\/v2\/posts\/14630"}],"collection":[{"href":"https:\/\/notinor.com\/jujuy\/wp-json\/wp\/v2\/posts"}],"about":[{"href":"https:\/\/notinor.com\/jujuy\/wp-json\/wp\/v2\/types\/post"}],"author":[{"embeddable":true,"href":"https:\/\/notinor.com\/jujuy\/wp-json\/wp\/v2\/users\/1"}],"replies":[{"embeddable":true,"href":"https:\/\/notinor.com\/jujuy\/wp-json\/wp\/v2\/comments?post=14630"}],"version-history":[{"count":3,"href":"https:\/\/notinor.com\/jujuy\/wp-json\/wp\/v2\/posts\/14630\/revisions"}],"predecessor-version":[{"id":14634,"href":"https:\/\/notinor.com\/jujuy\/wp-json\/wp\/v2\/posts\/14630\/revisions\/14634"}],"wp:featuredmedia":[{"embeddable":true,"href":"https:\/\/notinor.com\/jujuy\/wp-json\/wp\/v2\/media\/14633"}],"wp:attachment":[{"href":"https:\/\/notinor.com\/jujuy\/wp-json\/wp\/v2\/media?parent=14630"}],"wp:term":[{"taxonomy":"category","embeddable":true,"href":"https:\/\/notinor.com\/jujuy\/wp-json\/wp\/v2\/categories?post=14630"},{"taxonomy":"post_tag","embeddable":true,"href":"https:\/\/notinor.com\/jujuy\/wp-json\/wp\/v2\/tags?post=14630"}],"curies":[{"name":"wp","href":"https:\/\/api.w.org\/{rel}","templated":true}]}}