{"id":14625,"date":"2015-01-31T00:03:27","date_gmt":"2015-01-31T03:03:27","guid":{"rendered":"http:\/\/notinor.com\/jujuy\/?p=14625"},"modified":"2015-01-30T22:07:24","modified_gmt":"2015-01-31T01:07:24","slug":"para-reuters-cfk-pone-en-duda-su-credibilidad-al-hacerse-la-victima","status":"publish","type":"post","link":"https:\/\/notinor.com\/jujuy\/para-reuters-cfk-pone-en-duda-su-credibilidad-al-hacerse-la-victima\/","title":{"rendered":"Para Reuters, CFK \"pone en duda su credibilidad al hacerse la v\u00edctima\""},"content":{"rendered":"<p>En un nuevo cap\u00edtulo de la intensa cobertura que la agencia brit\u00e1nica Reuters viene realizando sobre la muerte de Alberto Nisman y sus consecuencias, un art\u00edculo escrito por Richard Lough analiza el impacto que tiene la reacci\u00f3n de la Presidente al hecho que escandaliz\u00f3 a la sociedad en su gesti\u00f3n y las posibles implicancias en el escenario electoral.<\/p>\n<p>A continuaci\u00f3n, el art\u00edculo completo, titulado \"Cristina Kirchner pone en duda su credibilidad al hacerse la v\u00edctima\":<\/p>\n<p><strong>Cristina Kirchner se refugi\u00f3 en la residencia presidencial por una semana antes de hablar de la misteriosa muerte de un fiscal federal que asegur\u00f3 que ella intent\u00f3 encubrir la presunta participaci\u00f3n de Ir\u00e1n en un atentado en 1994 en suelo argentino.<\/strong><\/p>\n<p><strong>Cuando lo hizo, los argentinos quedaron en duda sobre si ella se ve\u00eda a s\u00ed misma como una v\u00edctima del esc\u00e1ndalo. No fue Alberto Nisman, cuyo cuerpo fue hallado en un charco de sangre con una bala en la cabeza el d\u00eda anterior a que tuviera que detallar su investigaci\u00f3n, y a cuya familia Kirchner no ofreci\u00f3 condolencias. Era ella el blanco de un turbio complot para manchar su nombre, orquestado por agentes deshonestos expulsados de la agencia de espionaje que ella dijo que hab\u00eda fallado en actuar para los intereses del pa\u00eds.<\/strong><\/p>\n<p><strong>\"Veinti\u00fan a\u00f1os despu\u00e9s del ataque y hoy alguien aparece con una afirmaci\u00f3n infundada de que quer\u00edamos hacer descarrilar la investigaci\u00f3n\", dijo en su discurso televisado de una hora de duraci\u00f3n, vestida toda de blanco y sentada en una silla de ruedas. \"Que digan lo que quieran, dejen que hagan todas las denuncias que quieran, que los jueces me citen, no me molesta\".<\/strong><\/p>\n<p><strong>La muerte de Nisman ha provocado una de las mayores crisis pol\u00edticas en los siete a\u00f1os de gobierno de Cristina Kirchner y puede reforzar las posibilidades de la oposici\u00f3n en las elecciones presidenciales de octubre.<\/strong><\/p>\n<p><strong>La Presidente est\u00e1 impedida de competir por la reelecci\u00f3n, pero a algunos funcionarios cercanos les preocupa que su manejo del esc\u00e1ndalo est\u00e9 haciendo mella tambi\u00e9n en la credibilidad del Gobierno.<\/strong><\/p>\n<p><strong>\"Esto va a hacernos da\u00f1o\", dijo una fuente del gobierno cerca a la presidencia que no est\u00e1 autorizada a hablar p\u00fablicamente. \"Cu\u00e1n mal, no sabemos. S\u00f3lo ella decide lo que va a hacer\".<\/strong><\/p>\n<p><strong>Sus inconsistencias han ayudado a las teor\u00edas conspirativas de fan\u00e1ticos, algunas de las cuales apuntan directamente a ella. Una encuesta de la consultora Managment &amp; Fit revel\u00f3 que el 63% de quienes respondieron creyeron que la imagen de la Presidente quedar\u00e1 significativamente debilitada.<\/strong><\/p>\n<p><strong>El d\u00eda despu\u00e9s de la muerte de Nisman, manifestantes marcharon a la residencia oficial de la mandataria. Algunos golpearon las puertas gritando \"asesina\".<\/strong><\/p>\n<p><strong>\"No es habitual que reconozca errores, sea lo de Nisman o la inflaci\u00f3n. Y as\u00ed ella se cierra\", dijo Roberto Lavagna, ex ministro de Econom\u00eda de la gesti\u00f3n de su esposo, quien la precedi\u00f3 en el cargo, y ahora trabaja para el candidato opositor Sergio Massa.<\/strong><\/p>\n<h1 style=\"text-align: center;\"><strong>DENUNCIAS DE ENCUBRIMIENTO<\/strong><\/h1>\n<p><strong>La semana antes de su muerte, el 18 de enero, Nisman acus\u00f3 a Cristina Kirchner abrir un canal secreto de di\u00e1logo a Teher\u00e1n para proteger a un n\u00famero de sospechosos iran\u00edes y encubrir el atentado contra un centro jud\u00edo en 1994 como parte de un acuerdo comercial para cambiar granos por petr\u00f3leo.<\/strong><\/p>\n<p><strong>El Gobierno calific\u00f3 el planteo de \"absurdo\". Dijo que Nisman fue enga\u00f1ado para hacer sus denuncias y luego asesinado cuando ya no era \u00fatil a los esp\u00edas que encabezaron la conspiraci\u00f3n contra la Presidente.<\/strong><\/p>\n<p><strong>Las misteriosas circunstancias han vuelto a encender el debate sobre la relaci\u00f3n turbia entre el Gobierno, los servicios de inteligencia y el poder judicial, y han alimentado una desconfianza de larga data sobre los l\u00edderes pol\u00edticos en las v\u00edsperas de las elecciones. Tambi\u00e9n ha acumulado presi\u00f3n sobre el gobierno de izquierda, ya que se enfrenta con una deuda en default y una econom\u00eda estancada.<\/strong><\/p>\n<p><strong>\"Este asunto deber\u00eda reforzar la preferencia de la sociedad para el cambio en las elecciones de este a\u00f1o\", dijo el analista pol\u00edtico Ignacio Labaqui, de Medley Global Advisors. \"Afecta negativamente las posibilidades de que alguno de los aspirantes presidenciales del Gobierno pueda atraer a votantes independientes\".<\/strong><\/p>\n<p><strong>En su discurso de TV, Cristina Kirchner dio a conocer un sorpresivo plan para desmantelar la poderosa agencia de inteligencia de la Secretar\u00eda de Inteligencia, que ella retrat\u00f3 como siniestra y que no rinde cuentas a nadie.<\/strong><\/p>\n<p><strong>En la \"guerra sucia\", dirigida por la dictadura militar entre 1976-1983, la agencia espi\u00f3 a los militantes marxistas, sindicatos y otros izquierdistas. Desde que se restaur\u00f3 la democracia, los gobiernos que se sucedieron estuvieron sospechados de haber continuado utilizando la agencia para espiar a opositores.<\/strong><\/p>\n<p><strong>La Presidente dijo que se crear\u00eda una agencia nueva y m\u00e1s transparente. La supervisi\u00f3n de las escuchas telef\u00f3nicas estar\u00eda en las manos de la Procuraci\u00f3n General. Pero la oposici\u00f3n es esc\u00e9ptica, y algunos creen que intenta otorgarle el control de la nueva agencia de inteligencia a sus leales. Argumentan que la maniobra apunta m\u00e1s a protegerse a s\u00ed misma que a reformas democr\u00e1ticas.<\/strong><\/p>\n<p><strong>\"Todo lo que hace es sobre ella\", dijo Federico Pinedo, jefe del bloque del PRO en la C\u00e1mara baja, del aspirante a la presidencia Mauricio Macri. \"Ella tiene el control del Congreso y puede hacer lo que quiere.\"<\/strong><\/p>\n<p><strong>No es la primera vez que al Congreso, dominado por los aliados de Cristina Kirchner, se le pide avanzar a toda prisa con una ley. En septiembre, los legisladores aprobaron un proyecto para reformar el modo en que Argentina pagar\u00eda parte de la deuda externa en un intento de eludir las resoluciones judiciales de los Estados Unidos sobre sus bonos en default. Argentina es, seg\u00fan dijo la Presidente, v\u00edctima de \"terroristas econ\u00f3micos\" en su larga batalla legal con los inversores estadounidenses.<\/strong><\/p>\n<p><strong>La nueva ley no pudo solucionar el conflicto y en su lugar reforz\u00f3 la sensaci\u00f3n de que Cristina Kirchner no ten\u00eda ninguna intenci\u00f3n de negociar con los acreedores estadounidenses, a los que califica de \"buitres\".<\/strong><\/p>\n<p><strong>\"Cristina Kirchner tiene su propio modo de funcionamiento que se basa en gran medida de su propia intuici\u00f3n y certezas, en oposici\u00f3n a las pruebas y realidades que ella prefiere ignorar\", dijo el historiador argentino Federico Finchelstein.<\/strong><\/p>\n","protected":false},"excerpt":{"rendered":"<p>En un nuevo cap\u00edtulo de la intensa cobertura que la agencia brit\u00e1nica Reuters viene realizando sobre la muerte de Alberto Nisman y sus consecuencias, un art\u00edculo escrito por Richard Lough analiza el impacto que tiene la reacci\u00f3n de la Presidente al hecho que escandaliz\u00f3 a la sociedad en su gesti\u00f3n y las posibles implicancias en [&hellip;]<\/p>\n","protected":false},"author":1,"featured_media":14626,"comment_status":"open","ping_status":"open","sticky":false,"template":"","format":"standard","meta":{"_stopmodifiedupdate":false,"_modified_date":"","inline_featured_image":false,"spay_email":"","jetpack_publicize_message":""},"categories":[6],"tags":[],"jetpack_featured_media_url":"https:\/\/notinor.com\/jujuy\/wp-content\/uploads\/2015\/01\/cristina-silla.jpg","jetpack_publicize_connections":[],"_links":{"self":[{"href":"https:\/\/notinor.com\/jujuy\/wp-json\/wp\/v2\/posts\/14625"}],"collection":[{"href":"https:\/\/notinor.com\/jujuy\/wp-json\/wp\/v2\/posts"}],"about":[{"href":"https:\/\/notinor.com\/jujuy\/wp-json\/wp\/v2\/types\/post"}],"author":[{"embeddable":true,"href":"https:\/\/notinor.com\/jujuy\/wp-json\/wp\/v2\/users\/1"}],"replies":[{"embeddable":true,"href":"https:\/\/notinor.com\/jujuy\/wp-json\/wp\/v2\/comments?post=14625"}],"version-history":[{"count":1,"href":"https:\/\/notinor.com\/jujuy\/wp-json\/wp\/v2\/posts\/14625\/revisions"}],"predecessor-version":[{"id":14627,"href":"https:\/\/notinor.com\/jujuy\/wp-json\/wp\/v2\/posts\/14625\/revisions\/14627"}],"wp:featuredmedia":[{"embeddable":true,"href":"https:\/\/notinor.com\/jujuy\/wp-json\/wp\/v2\/media\/14626"}],"wp:attachment":[{"href":"https:\/\/notinor.com\/jujuy\/wp-json\/wp\/v2\/media?parent=14625"}],"wp:term":[{"taxonomy":"category","embeddable":true,"href":"https:\/\/notinor.com\/jujuy\/wp-json\/wp\/v2\/categories?post=14625"},{"taxonomy":"post_tag","embeddable":true,"href":"https:\/\/notinor.com\/jujuy\/wp-json\/wp\/v2\/tags?post=14625"}],"curies":[{"name":"wp","href":"https:\/\/api.w.org\/{rel}","templated":true}]}}