{"id":146225,"date":"2017-11-22T01:50:41","date_gmt":"2017-11-22T04:50:41","guid":{"rendered":"http:\/\/notinor.com\/jujuy\/?p=146225"},"modified":"2017-11-23T11:40:30","modified_gmt":"2017-11-23T14:40:30","slug":"ara-san-juan-la-armada-admite-una-anomalia-hiroacustica-y-se-reaviva-la-esperanza","status":"publish","type":"post","link":"https:\/\/notinor.com\/jujuy\/ara-san-juan-la-armada-admite-una-anomalia-hiroacustica-y-se-reaviva-la-esperanza\/","title":{"rendered":"ARA San Juan:  la Armada admite una \"anomalia hidroac\u00fastica\" y se reaviva la esperanza"},"content":{"rendered":"<p>Enn un nuevo parte oficial de la Armada Argentina, el vocero de la fuerza, capit\u00e1n Enrique Balbi, inform\u00f3 que en el marco de la b\u00fasqueda del submarino ARA San Juan, por estas horas se investiga un \"nuevo indicio\". Se trata de un \"ruido\" registrado el mi\u00e9rcoles pasado, horas despu\u00e9s de haber perdido contacto con la nave.<\/p>\n<p>En el \u00faltimo parte de la tarde, Balbi dijo que se investiga una \"anomal\u00eda hidroac\u00fastica\" (ruido) a 30 millas del lugar donde se produjo la \u00faltima comunicaci\u00f3n el mi\u00e9rcoles de la semana pasada.<\/p>\n<p>El funcionario dijo que hasta el lugar se trasladaban esta tarde tanto embarcaciones como aeronaves para tratar de determinar si el ruido corresponder al submarino ARA San Juan, que llevaba 44 personas a bordo.<\/p>\n<p><a href=\"http:\/\/notinor.com\/jujuy\/wp-content\/uploads\/2017\/11\/armada.jpg\"><img decoding=\"async\" loading=\"lazy\" class=\"alignnone size-full wp-image-146226\" src=\"http:\/\/notinor.com\/jujuy\/wp-content\/uploads\/2017\/11\/armada.jpg\" alt=\"armada\" width=\"620\" height=\"348\" \/><\/a><\/p>\n<p>\"Fue informada como anomal\u00eda hidroac\u00fastica. Fue un ruido a eso de las once de la ma\u00f1ana del mi\u00e9rcoles, casi tres horas despu\u00e9s de la \u00faltima comunicaci\u00f3n, a 30 millas al norte de donde estaban en ese contacto y en camino a Mar del Plata\", precis\u00f3 Balbi.<\/p>\n<p>Consultado sobre si el origen del ruido podr\u00eda ser una explosi\u00f3n, el vocero dijo que \"no hace conjeturas\" y que \"es un ruido que hay que corroborar e investigar\".<\/p>\n<p>\"No vamos a dejar librado al azar\" dijo Balbi. Se estima que para las 23 de este mi\u00e9rcoles tres buques argentinos llegar\u00e1n a la zona indicada para insistir en la b\u00fasqueda. \"Estamos en una situaci\u00f3n cr\u00edtica y va 'in crescendo'\" con el paso de las horas, admiti\u00f3 el Capitan.<\/p>\n<p>La \u00faltima comunicaci\u00f3n desde el ARA San Juan fue el mi\u00e9rcoles pasado a la ma\u00f1ana y mencionaba una aver\u00eda en las bater\u00edas. En aquel momento navegaba por el Golfo San Jorge, a 450 km de la costa.<\/p>\n<p>El submarino hab\u00eda zarpado el domingo 11 de Ushuaia de regreso a Mar del Plata, su apostadero habitual.<\/p>\n<h2><strong>Tarde de hermet\u00edsmo<\/strong><\/h2>\n<p>Tras una tarde de hermetismo y un retraso de m\u00e1s de tres horas en la hora prevista para informar las novedades del d\u00eda, Balbi explic\u00f3 que el ruido informado por las autoridades de los EE.UU. se registr\u00f3 el mi\u00e9rcoles 15, el d\u00eda de la \u00faltima comunicaci\u00f3n con el ARA San Juan, y relativamente cerca del lugar donde lo posicionaban las antenas que registraron la llamada del tel\u00e9fono satelital del submarino.<\/p>\n<p>La b\u00fasqueda del submarino entr\u00f3 hoy en una fase cr\u00edtica, ya que sus 44 tripulantes podr\u00edan empezar a sufrir la falta de ox\u00edgeno si la nave sigue bajo el agua, como se cree.<\/p>\n<p>La dram\u00e1tica situaci\u00f3n dispar\u00f3 un impresionante operativo internacional de rescate en el que participan cerca de 4.000 personas y unos 30 aviones y barcos de la Argentina, Estados Unidos, Reino Unido, Brasil y Chile.<\/p>\n<p>Hasta ahora se ha patrullado la superficie de un \u00e1rea de casi 500.000 kil\u00f3metros cuadrados donde podr\u00eda estar el submarino militar, pero falta explorar una amplia zona bajo el agua.<\/p>\n<p>En tanto, la jueza que est\u00e1 a cargo de una investigaci\u00f3n por la desaparici\u00f3n del submarino dijo que hab\u00eda informaci\u00f3n clasificada por tratarse de una nave militar.<\/p>\n<p>\"Hay informaci\u00f3n muy sensible que obedece al secreto de estado. Estamos hablando de una embarcaci\u00f3n de guerra\", dijo a FM Latina Marta Ya\u00f1ez, jueza de primera instancia de Caleta Olivia, ciudad cercana al punto donde el submarino envi\u00f3 su \u00faltima comunicaci\u00f3n antes de desaparecer.<\/p>\n","protected":false},"excerpt":{"rendered":"<p>Enn un nuevo parte oficial de la Armada Argentina, el vocero de la fuerza, capit\u00e1n Enrique Balbi, inform\u00f3 que en el marco de la b\u00fasqueda del submarino ARA San Juan, por estas horas se investiga un \"nuevo indicio\". Se trata de un \"ruido\" registrado el mi\u00e9rcoles pasado, horas despu\u00e9s de haber perdido contacto con la [&hellip;]<\/p>\n","protected":false},"author":1,"featured_media":146226,"comment_status":"open","ping_status":"open","sticky":false,"template":"","format":"standard","meta":{"_stopmodifiedupdate":false,"_modified_date":"","inline_featured_image":false},"categories":[5],"tags":[],"jetpack_featured_media_url":"https:\/\/notinor.com\/jujuy\/wp-content\/uploads\/2017\/11\/armada.jpg","_links":{"self":[{"href":"https:\/\/notinor.com\/jujuy\/wp-json\/wp\/v2\/posts\/146225"}],"collection":[{"href":"https:\/\/notinor.com\/jujuy\/wp-json\/wp\/v2\/posts"}],"about":[{"href":"https:\/\/notinor.com\/jujuy\/wp-json\/wp\/v2\/types\/post"}],"author":[{"embeddable":true,"href":"https:\/\/notinor.com\/jujuy\/wp-json\/wp\/v2\/users\/1"}],"replies":[{"embeddable":true,"href":"https:\/\/notinor.com\/jujuy\/wp-json\/wp\/v2\/comments?post=146225"}],"version-history":[{"count":2,"href":"https:\/\/notinor.com\/jujuy\/wp-json\/wp\/v2\/posts\/146225\/revisions"}],"predecessor-version":[{"id":146236,"href":"https:\/\/notinor.com\/jujuy\/wp-json\/wp\/v2\/posts\/146225\/revisions\/146236"}],"wp:featuredmedia":[{"embeddable":true,"href":"https:\/\/notinor.com\/jujuy\/wp-json\/wp\/v2\/media\/146226"}],"wp:attachment":[{"href":"https:\/\/notinor.com\/jujuy\/wp-json\/wp\/v2\/media?parent=146225"}],"wp:term":[{"taxonomy":"category","embeddable":true,"href":"https:\/\/notinor.com\/jujuy\/wp-json\/wp\/v2\/categories?post=146225"},{"taxonomy":"post_tag","embeddable":true,"href":"https:\/\/notinor.com\/jujuy\/wp-json\/wp\/v2\/tags?post=146225"}],"curies":[{"name":"wp","href":"https:\/\/api.w.org\/{rel}","templated":true}]}}