{"id":14614,"date":"2015-01-31T00:02:10","date_gmt":"2015-01-31T03:02:10","guid":{"rendered":"http:\/\/notinor.com\/jujuy\/?p=14614"},"modified":"2015-01-30T21:47:24","modified_gmt":"2015-01-31T00:47:24","slug":"persona-buscada-14","status":"publish","type":"post","link":"https:\/\/notinor.com\/jujuy\/persona-buscada-14\/","title":{"rendered":"PERSONA BUSCADA"},"content":{"rendered":"<p>CARLA ALEJANDRA ALDERETE, de 23 a\u00f1os de edad con domicilio en el barrio Alto Comedero del cual se ausenta desde el 28 de enero del corriente a\u00f1o. La protagonista responde a los siguientes datos filiatorios: estatura aproximada 1.55m, tez trigue\u00f1a, cabellos largos casta\u00f1os, contextura f\u00edsica delgada, vest\u00eda un pantal\u00f3n jean largo, musculosa de color rosado y calzaba zapatillas de color negro. Como se\u00f1a particular presenta un tatuaje con la palabra \"Lucas\" en la mano derecha.<\/p>\n<p>MABEL VERONICA DIAZ, de 20 a\u00f1os de edad con domicilio en el departamento Santa B\u00e1rbara del cual se ausenta desde el 30 de noviembre del corriente a\u00f1o. La joven responde a los siguientes datos filiatorios: contextura f\u00edsica delgada, estatura aproximada 1.70m, tez trigue\u00f1a, cabellos lacios largos casta\u00f1os, se desconoce como se encontraba vestida al momento de su ausentarse.<\/p>\n<p>&nbsp;<\/p>\n","protected":false},"excerpt":{"rendered":"<p>CARLA ALEJANDRA ALDERETE, de 23 a\u00f1os de edad con domicilio en el barrio Alto Comedero del cual se ausenta desde el 28 de enero del corriente a\u00f1o. La protagonista responde a los siguientes datos filiatorios: estatura aproximada 1.55m, tez trigue\u00f1a, cabellos largos casta\u00f1os, contextura f\u00edsica delgada, vest\u00eda un pantal\u00f3n jean largo, musculosa de color rosado [&hellip;]<\/p>\n","protected":false},"author":1,"featured_media":3566,"comment_status":"open","ping_status":"open","sticky":false,"template":"","format":"standard","meta":{"_stopmodifiedupdate":false,"_modified_date":"","inline_featured_image":false,"spay_email":"","jetpack_publicize_message":""},"categories":[3],"tags":[],"jetpack_featured_media_url":"https:\/\/notinor.com\/jujuy\/wp-content\/uploads\/2014\/11\/SE-BUSCA.jpg","jetpack_publicize_connections":[],"_links":{"self":[{"href":"https:\/\/notinor.com\/jujuy\/wp-json\/wp\/v2\/posts\/14614"}],"collection":[{"href":"https:\/\/notinor.com\/jujuy\/wp-json\/wp\/v2\/posts"}],"about":[{"href":"https:\/\/notinor.com\/jujuy\/wp-json\/wp\/v2\/types\/post"}],"author":[{"embeddable":true,"href":"https:\/\/notinor.com\/jujuy\/wp-json\/wp\/v2\/users\/1"}],"replies":[{"embeddable":true,"href":"https:\/\/notinor.com\/jujuy\/wp-json\/wp\/v2\/comments?post=14614"}],"version-history":[{"count":1,"href":"https:\/\/notinor.com\/jujuy\/wp-json\/wp\/v2\/posts\/14614\/revisions"}],"predecessor-version":[{"id":14615,"href":"https:\/\/notinor.com\/jujuy\/wp-json\/wp\/v2\/posts\/14614\/revisions\/14615"}],"wp:featuredmedia":[{"embeddable":true,"href":"https:\/\/notinor.com\/jujuy\/wp-json\/wp\/v2\/media\/3566"}],"wp:attachment":[{"href":"https:\/\/notinor.com\/jujuy\/wp-json\/wp\/v2\/media?parent=14614"}],"wp:term":[{"taxonomy":"category","embeddable":true,"href":"https:\/\/notinor.com\/jujuy\/wp-json\/wp\/v2\/categories?post=14614"},{"taxonomy":"post_tag","embeddable":true,"href":"https:\/\/notinor.com\/jujuy\/wp-json\/wp\/v2\/tags?post=14614"}],"curies":[{"name":"wp","href":"https:\/\/api.w.org\/{rel}","templated":true}]}}