{"id":145361,"date":"2017-11-17T18:00:01","date_gmt":"2017-11-17T21:00:01","guid":{"rendered":"http:\/\/notinor.com\/jujuy\/?p=145361"},"modified":"2017-11-17T19:41:52","modified_gmt":"2017-11-17T22:41:52","slug":"social-media-day-en-jujuy-la-primera-edicion-que-marcara-tendencia","status":"publish","type":"post","link":"https:\/\/notinor.com\/jujuy\/social-media-day-en-jujuy-la-primera-edicion-que-marcara-tendencia\/","title":{"rendered":"\"Social Media Day\" en Jujuy: La primera edici\u00f3n que marcar\u00e1 tendencia"},"content":{"rendered":"<p>Se trata de un evento de comunicaci\u00f3n digital y redes sociales a realizarse por primera vez en Jujuy\u00a0 con destacados disertantes en medio digitales; YouTube, Google, de Cr\u00f3nica TV,\u00a0\u00a0 empresas de primera l\u00ednea y medios de prensa a nivel nacional, y local.<\/p>\n<p>La invitaci\u00f3n la hizo efectiva el director general de desarrollo de la Municipalidad, Juan Casasco, quien record\u00f3 que el encuentro es \u00fanico en su tipo en la provincia de Jujuy.<\/p>\n<p>Los Interesados podr\u00e1n participar previa inscripci\u00f3n por p\u00e1gina web: www.smd.com.ar\/jujuy . Por otro lado, desde la Municipalidad de San Salvador de Jujuy se\u00a0 encuentran a disposici\u00f3n sistemas de becas. Los iteresados n ellas deber\u00e1n dirigirse a la Direcci\u00f3n General de Desarrollo, cita en el 1er.Piso de la avenida Almirante Brown o v\u00eda correo electr\u00f3nico: dir.gral.desarrollo@gmail.com<\/p>\n<p>La iniciativa municipal, cuanta con el fuerte apoyo del gobierno de la provincia, es as\u00ed que Mat\u00edas Angulo, Director de Comunicaci\u00f3n Digital del Gobierno de la Provincia, explic\u00f3 \"es una actividad muy importante, quiz\u00e1s uno de los eventos de comunicaci\u00f3n digital y redes sociales m\u00e1s importante del pa\u00eds, que tiene amplia convocatoria de expertos vinculados a la comunicaci\u00f3n social y a las innovaciones en esta \u00e1rea\".<\/p>\n<p>Son innumerables los avances en medios y an\u00e1lisis de informaci\u00f3n masiva con los que se cuentan hoy por hoy como herramienta de trabajo. \"este tipo de convenciones lo que permite al comunicador como tambi\u00e9n al empresario es conocer diferentes soportes, saber de qu\u00e9 se tratan, sus beneficios cuantitativos y la modalidad adecuada para volcarlos en nuestro \u00e1mbito de trabajo\"<\/p>\n<p>El evento de relevancia nacional y con agenda en diferentes provincias de nuestro pa\u00eds, contar\u00e1 con la presencia de disertante coordinados por Adriana Bustamante y una serie de expertos de YouTube; Google, Cr\u00f3nica,\u00a0\u00a0 empresas de primera l\u00edneas y medios de prensa que van a exponer sobre el paso de lo grafico a lo digital.<\/p>\n<p>&nbsp;<\/p>\n<p>&nbsp;<\/p>\n","protected":false},"excerpt":{"rendered":"<p>Se trata de un evento de comunicaci\u00f3n digital y redes sociales a realizarse por primera vez en Jujuy\u00a0 con destacados disertantes en medio digitales; YouTube, Google, de Cr\u00f3nica TV,\u00a0\u00a0 empresas de primera l\u00ednea y medios de prensa a nivel nacional, y local. La invitaci\u00f3n la hizo efectiva el director general de desarrollo de la Municipalidad, [&hellip;]<\/p>\n","protected":false},"author":5,"featured_media":145165,"comment_status":"open","ping_status":"open","sticky":false,"template":"","format":"standard","meta":{"_stopmodifiedupdate":false,"_modified_date":"","inline_featured_image":false,"spay_email":"","jetpack_publicize_message":""},"categories":[490],"tags":[],"jetpack_featured_media_url":"https:\/\/notinor.com\/jujuy\/wp-content\/uploads\/2017\/11\/FlyerRedes-SOCIALMEDIAJUJUY.jpg","jetpack_publicize_connections":[],"_links":{"self":[{"href":"https:\/\/notinor.com\/jujuy\/wp-json\/wp\/v2\/posts\/145361"}],"collection":[{"href":"https:\/\/notinor.com\/jujuy\/wp-json\/wp\/v2\/posts"}],"about":[{"href":"https:\/\/notinor.com\/jujuy\/wp-json\/wp\/v2\/types\/post"}],"author":[{"embeddable":true,"href":"https:\/\/notinor.com\/jujuy\/wp-json\/wp\/v2\/users\/5"}],"replies":[{"embeddable":true,"href":"https:\/\/notinor.com\/jujuy\/wp-json\/wp\/v2\/comments?post=145361"}],"version-history":[{"count":1,"href":"https:\/\/notinor.com\/jujuy\/wp-json\/wp\/v2\/posts\/145361\/revisions"}],"predecessor-version":[{"id":145362,"href":"https:\/\/notinor.com\/jujuy\/wp-json\/wp\/v2\/posts\/145361\/revisions\/145362"}],"wp:featuredmedia":[{"embeddable":true,"href":"https:\/\/notinor.com\/jujuy\/wp-json\/wp\/v2\/media\/145165"}],"wp:attachment":[{"href":"https:\/\/notinor.com\/jujuy\/wp-json\/wp\/v2\/media?parent=145361"}],"wp:term":[{"taxonomy":"category","embeddable":true,"href":"https:\/\/notinor.com\/jujuy\/wp-json\/wp\/v2\/categories?post=145361"},{"taxonomy":"post_tag","embeddable":true,"href":"https:\/\/notinor.com\/jujuy\/wp-json\/wp\/v2\/tags?post=145361"}],"curies":[{"name":"wp","href":"https:\/\/api.w.org\/{rel}","templated":true}]}}