{"id":145352,"date":"2017-11-17T17:56:01","date_gmt":"2017-11-17T20:56:01","guid":{"rendered":"http:\/\/notinor.com\/jujuy\/?p=145352"},"modified":"2017-11-17T17:56:01","modified_gmt":"2017-11-17T20:56:01","slug":"parque-botanico-municipal-jornadas-de-senderismo-nocturno","status":"publish","type":"post","link":"https:\/\/notinor.com\/jujuy\/parque-botanico-municipal-jornadas-de-senderismo-nocturno\/","title":{"rendered":"Parque Bot\u00e1nico Municipal: Jornadas de senderismo nocturno"},"content":{"rendered":"<p><a href=\"http:\/\/notinor.com\/jujuy\/wp-content\/uploads\/2017\/11\/senderismo-nocturno-1.jpeg\"><img decoding=\"async\" loading=\"lazy\" class=\"size-full wp-image-145354 aligncenter\" src=\"http:\/\/notinor.com\/jujuy\/wp-content\/uploads\/2017\/11\/senderismo-nocturno-1.jpeg\" alt=\"senderismo nocturno (1)\" width=\"800\" height=\"450\" \/><\/a><\/p>\n<p>Con una imagen renovada, nuevos espacios y la posibilidad de recorridos accesibles, el Parque Bot\u00e1nico Municipal \"Bar\u00f3n Carlos Mar\u00eda Sch\u00fcel\" ofrecer\u00e1 desde diciembre una nueva posibilidad abriendo sus puertas por la noche con recorridos por los senderos<\/p>\n<p>As\u00ed lo explic\u00f3 Pedro Sato, encargado del Parque Botanico Municipal, \"pensando en la temporada vacacional lanzaremos las jornadas de senderismo nocturno, visitas guiadas para conocer de noche la reserva natural con sus caracter\u00edsticas diferentes a una caminata de d\u00eda. Es una opci\u00f3n para descubrir el paisaje nocturno de toda la ciudad\".<\/p>\n<p>Por otro lado, recordamos que las visitas diurnas son de lunes a domingo de 8 a 17, se puede ingresar hasta esa hora y permanecer hasta las 19.El costo de la entrada es de 30 pesos para adultos y 10 para estudiantes y menores.<\/p>\n<p>\"Las puertas del Parque Bot\u00e1nico Bar\u00f3n Mar\u00eda Schuel est\u00e1n abiertas para que todos los vecinos disfruten de un lugar natural que tiene caracter\u00edsticas \u00fanicas siendo una zona de interface entre lo que es el valle y las yungas, es decir, conocer dos ecosistemas distintos\".<\/p>\n<p>&nbsp;<\/p>\n<p>&nbsp;<\/p>\n<p>&nbsp;<\/p>\n","protected":false},"excerpt":{"rendered":"<p>Con una imagen renovada, nuevos espacios y la posibilidad de recorridos accesibles, el Parque Bot\u00e1nico Municipal \"Bar\u00f3n Carlos Mar\u00eda Sch\u00fcel\" ofrecer\u00e1 desde diciembre una nueva posibilidad abriendo sus puertas por la noche con recorridos por los senderos As\u00ed lo explic\u00f3 Pedro Sato, encargado del Parque Botanico Municipal, \"pensando en la temporada vacacional lanzaremos las jornadas [&hellip;]<\/p>\n","protected":false},"author":5,"featured_media":145353,"comment_status":"open","ping_status":"open","sticky":false,"template":"","format":"standard","meta":{"_stopmodifiedupdate":false,"_modified_date":"","inline_featured_image":false,"spay_email":"","jetpack_publicize_message":""},"categories":[490],"tags":[],"jetpack_featured_media_url":"https:\/\/notinor.com\/jujuy\/wp-content\/uploads\/2017\/11\/senderismo-nocturno-2.jpeg","jetpack_publicize_connections":[],"_links":{"self":[{"href":"https:\/\/notinor.com\/jujuy\/wp-json\/wp\/v2\/posts\/145352"}],"collection":[{"href":"https:\/\/notinor.com\/jujuy\/wp-json\/wp\/v2\/posts"}],"about":[{"href":"https:\/\/notinor.com\/jujuy\/wp-json\/wp\/v2\/types\/post"}],"author":[{"embeddable":true,"href":"https:\/\/notinor.com\/jujuy\/wp-json\/wp\/v2\/users\/5"}],"replies":[{"embeddable":true,"href":"https:\/\/notinor.com\/jujuy\/wp-json\/wp\/v2\/comments?post=145352"}],"version-history":[{"count":1,"href":"https:\/\/notinor.com\/jujuy\/wp-json\/wp\/v2\/posts\/145352\/revisions"}],"predecessor-version":[{"id":145355,"href":"https:\/\/notinor.com\/jujuy\/wp-json\/wp\/v2\/posts\/145352\/revisions\/145355"}],"wp:featuredmedia":[{"embeddable":true,"href":"https:\/\/notinor.com\/jujuy\/wp-json\/wp\/v2\/media\/145353"}],"wp:attachment":[{"href":"https:\/\/notinor.com\/jujuy\/wp-json\/wp\/v2\/media?parent=145352"}],"wp:term":[{"taxonomy":"category","embeddable":true,"href":"https:\/\/notinor.com\/jujuy\/wp-json\/wp\/v2\/categories?post=145352"},{"taxonomy":"post_tag","embeddable":true,"href":"https:\/\/notinor.com\/jujuy\/wp-json\/wp\/v2\/tags?post=145352"}],"curies":[{"name":"wp","href":"https:\/\/api.w.org\/{rel}","templated":true}]}}