{"id":145346,"date":"2017-11-17T17:36:38","date_gmt":"2017-11-17T20:36:38","guid":{"rendered":"http:\/\/notinor.com\/jujuy\/?p=145346"},"modified":"2017-11-17T17:36:45","modified_gmt":"2017-11-17T20:36:45","slug":"seguridad-alimentaria-promoviendo-los-buenos-habitos","status":"publish","type":"post","link":"https:\/\/notinor.com\/jujuy\/seguridad-alimentaria-promoviendo-los-buenos-habitos\/","title":{"rendered":"Seguridad Alimentaria: Promoviendo los buenos h\u00e1bitos"},"content":{"rendered":"<p><a href=\"http:\/\/notinor.com\/jujuy\/wp-content\/uploads\/2017\/11\/Seguridad-Alimentaria-4ps.jpg\"><img decoding=\"async\" loading=\"lazy\" class=\"alignnone size-full wp-image-145349\" src=\"http:\/\/notinor.com\/jujuy\/wp-content\/uploads\/2017\/11\/Seguridad-Alimentaria-4ps.jpg\" alt=\"Seguridad Alimentaria (4)ps\" width=\"800\" height=\"450\" \/><\/a><\/p>\n<p>Desde Seguridad Alimentaria, se llevan adelante capacitaciones permanentes en distintos actores sociales en nuestra ciudad capital, con el fin de promover h\u00e1bitos saludables en cuanto al manejo, manipulaci\u00f3n de los alimentos.<\/p>\n<p>Luego de una reconocida trayectoria y distinciones en el campo, el equipo de Educaci\u00f3n Alimentaria fue invitado a participar de un encuentro en la ciudad de La Quiaca con el firme compromiso de difundir pol\u00edticas saludables, donde se encontraron algunas tem\u00e1ticas puntuales:<\/p>\n<p>*Reuni\u00f3n en el Concejo Deliberante para solicitar compromisos y generar ordenanzas para promover una buena Alimentaci\u00f3n y entornos saludables en la comunidad.<\/p>\n<p>*Capacitaci\u00f3n sobre Quiosco Saludable y Manipulaci\u00f3n de Alimentos destinado al personal de bromatolog\u00eda.<\/p>\n<p>*Charla- Taller para padres en el Jard\u00edn Maternal Wawa Huasi<\/p>\n<p>*Charla- Taller sobre la Problem\u00e1tica Alimentaria-Nutricional y Manipulaci\u00f3n e Higiene de los Alimentos para las encargadas de salitas maternales, guarder\u00edas y jardines.<\/p>\n<p>&nbsp;<\/p>\n<p>&nbsp;<\/p>\n<p>&nbsp;<\/p>\n<p>&nbsp;<\/p>\n<p>&nbsp;<\/p>\n<p>&nbsp;<\/p>\n","protected":false},"excerpt":{"rendered":"<p>Desde Seguridad Alimentaria, se llevan adelante capacitaciones permanentes en distintos actores sociales en nuestra ciudad capital, con el fin de promover h\u00e1bitos saludables en cuanto al manejo, manipulaci\u00f3n de los alimentos. Luego de una reconocida trayectoria y distinciones en el campo, el equipo de Educaci\u00f3n Alimentaria fue invitado a participar de un encuentro en la [&hellip;]<\/p>\n","protected":false},"author":5,"featured_media":145348,"comment_status":"open","ping_status":"open","sticky":false,"template":"","format":"standard","meta":{"_stopmodifiedupdate":false,"_modified_date":"","inline_featured_image":false,"spay_email":"","jetpack_publicize_message":""},"categories":[490],"tags":[],"jetpack_featured_media_url":"https:\/\/notinor.com\/jujuy\/wp-content\/uploads\/2017\/11\/Seguridad-Alimentaria-1ps.jpg","jetpack_publicize_connections":[],"_links":{"self":[{"href":"https:\/\/notinor.com\/jujuy\/wp-json\/wp\/v2\/posts\/145346"}],"collection":[{"href":"https:\/\/notinor.com\/jujuy\/wp-json\/wp\/v2\/posts"}],"about":[{"href":"https:\/\/notinor.com\/jujuy\/wp-json\/wp\/v2\/types\/post"}],"author":[{"embeddable":true,"href":"https:\/\/notinor.com\/jujuy\/wp-json\/wp\/v2\/users\/5"}],"replies":[{"embeddable":true,"href":"https:\/\/notinor.com\/jujuy\/wp-json\/wp\/v2\/comments?post=145346"}],"version-history":[{"count":3,"href":"https:\/\/notinor.com\/jujuy\/wp-json\/wp\/v2\/posts\/145346\/revisions"}],"predecessor-version":[{"id":145351,"href":"https:\/\/notinor.com\/jujuy\/wp-json\/wp\/v2\/posts\/145346\/revisions\/145351"}],"wp:featuredmedia":[{"embeddable":true,"href":"https:\/\/notinor.com\/jujuy\/wp-json\/wp\/v2\/media\/145348"}],"wp:attachment":[{"href":"https:\/\/notinor.com\/jujuy\/wp-json\/wp\/v2\/media?parent=145346"}],"wp:term":[{"taxonomy":"category","embeddable":true,"href":"https:\/\/notinor.com\/jujuy\/wp-json\/wp\/v2\/categories?post=145346"},{"taxonomy":"post_tag","embeddable":true,"href":"https:\/\/notinor.com\/jujuy\/wp-json\/wp\/v2\/tags?post=145346"}],"curies":[{"name":"wp","href":"https:\/\/api.w.org\/{rel}","templated":true}]}}