{"id":145077,"date":"2017-11-16T11:35:02","date_gmt":"2017-11-16T14:35:02","guid":{"rendered":"http:\/\/notinor.com\/jujuy\/?p=145077"},"modified":"2017-11-16T11:35:02","modified_gmt":"2017-11-16T14:35:02","slug":"inauguraron-edificio-de-la-escuela-tecnica-n-1-de-monterrico","status":"publish","type":"post","link":"https:\/\/notinor.com\/jujuy\/inauguraron-edificio-de-la-escuela-tecnica-n-1-de-monterrico\/","title":{"rendered":"Inauguraron edificio de la Escuela T\u00e9cnica N\u00b0 1 de Monterrico"},"content":{"rendered":"<p>La inauguraci\u00f3n tuvo lugar en el D\u00eda de la Educaci\u00f3n T\u00e9cnico Profesional en un contexto donde \u201clas nuevas generaciones necesitan aprendizajes t\u00e9cnicos para insertarse en el mundo laboral\u201d, expres\u00f3 Calsina al hablar en la ceremonia.<\/p>\n<p>\u201cLa educaci\u00f3n es el pilar esencial del desarrollo\u201d, defini\u00f3 la ministra para defender \u201cla cultura del esfuerzo para tener las mejores oportunidades\u201d.<\/p>\n<p>En otro momento afirm\u00f3 que \u201clos cambios generan incomodidad\u201d y remarc\u00f3 que las instituciones de educaci\u00f3n t\u00e9cnico profesional son un ejemplo de transformaci\u00f3n ante una realidad atravesada por los cambios y la necesidad de adecuar la educaci\u00f3n a los nuevos desaf\u00edos.<\/p>\n<p>El acto comenz\u00f3 con el corte de cintas y luego se descubrieron placas conmemorativas.<\/p>\n<p>Posteriormente se escucharon palabras de la directora de Educaci\u00f3n Secundaria, Silvina Camusso, quien felicit\u00f3 a las instituciones por el D\u00eda de la Educaci\u00f3n T\u00e9cnico Profesional y destac\u00f3 la lucha de los padres por la consecuci\u00f3n de la casa propia que se materializa tras varios a\u00f1os de trabajar en instalaciones prestadas.<\/p>\n<p>En tanto, el intendente Ibarra agradeci\u00f3 a todos quienes hicieron posible el edificio y puso de relieve el acompa\u00f1amiento del municipio a la escuela.<\/p>\n<p>El director del establecimiento Jos\u00e9 Antonio G\u00f3mez record\u00f3 por su lado que la escuela naci\u00f3 por la inquietud de padres que bregaban por una carrera con inmediata salida laboral para sus hijos y subray\u00f3 que el objetivo de la instituci\u00f3n es \u201caportar t\u00e9cnicos especializados para aportar a la cultura del trabajo\u201d.<\/p>\n<p>Tras la bendici\u00f3n de las instalaciones, se entregaron reconocimientos y tuvo lugar un desfile escolar.<\/p>\n<p>En la ceremonia estuvieron presentes la secretaria de Equidad Educativa, Cristina Fern\u00e1ndez de Jorge; el diputado Nilson Ortega, la coordinadora de Pol\u00edticas Socioeducativas Alejandra Moll\u00f3n, entre otras autoridades.<\/p>\n","protected":false},"excerpt":{"rendered":"<p>La inauguraci\u00f3n tuvo lugar en el D\u00eda de la Educaci\u00f3n T\u00e9cnico Profesional en un contexto donde \u201clas nuevas generaciones necesitan aprendizajes t\u00e9cnicos para insertarse en el mundo laboral\u201d, expres\u00f3 Calsina al hablar en la ceremonia. \u201cLa educaci\u00f3n es el pilar esencial del desarrollo\u201d, defini\u00f3 la ministra para defender \u201cla cultura del esfuerzo para tener las [&hellip;]<\/p>\n","protected":false},"author":5,"featured_media":145079,"comment_status":"open","ping_status":"open","sticky":false,"template":"","format":"standard","meta":{"_stopmodifiedupdate":false,"_modified_date":"","inline_featured_image":false},"categories":[4],"tags":[],"jetpack_featured_media_url":"https:\/\/notinor.com\/jujuy\/wp-content\/uploads\/2017\/11\/inauguraciontecnicamonterrico-1140x641.jpeg","_links":{"self":[{"href":"https:\/\/notinor.com\/jujuy\/wp-json\/wp\/v2\/posts\/145077"}],"collection":[{"href":"https:\/\/notinor.com\/jujuy\/wp-json\/wp\/v2\/posts"}],"about":[{"href":"https:\/\/notinor.com\/jujuy\/wp-json\/wp\/v2\/types\/post"}],"author":[{"embeddable":true,"href":"https:\/\/notinor.com\/jujuy\/wp-json\/wp\/v2\/users\/5"}],"replies":[{"embeddable":true,"href":"https:\/\/notinor.com\/jujuy\/wp-json\/wp\/v2\/comments?post=145077"}],"version-history":[{"count":2,"href":"https:\/\/notinor.com\/jujuy\/wp-json\/wp\/v2\/posts\/145077\/revisions"}],"predecessor-version":[{"id":145080,"href":"https:\/\/notinor.com\/jujuy\/wp-json\/wp\/v2\/posts\/145077\/revisions\/145080"}],"wp:featuredmedia":[{"embeddable":true,"href":"https:\/\/notinor.com\/jujuy\/wp-json\/wp\/v2\/media\/145079"}],"wp:attachment":[{"href":"https:\/\/notinor.com\/jujuy\/wp-json\/wp\/v2\/media?parent=145077"}],"wp:term":[{"taxonomy":"category","embeddable":true,"href":"https:\/\/notinor.com\/jujuy\/wp-json\/wp\/v2\/categories?post=145077"},{"taxonomy":"post_tag","embeddable":true,"href":"https:\/\/notinor.com\/jujuy\/wp-json\/wp\/v2\/tags?post=145077"}],"curies":[{"name":"wp","href":"https:\/\/api.w.org\/{rel}","templated":true}]}}