{"id":14505,"date":"2015-01-30T02:56:37","date_gmt":"2015-01-30T05:56:37","guid":{"rendered":"http:\/\/notinor.com\/jujuy\/?p=14505"},"modified":"2015-01-30T02:56:37","modified_gmt":"2015-01-30T05:56:37","slug":"finalizaran-las-colonias-de-vacaciones-del-bo-punta-diamante","status":"publish","type":"post","link":"https:\/\/notinor.com\/jujuy\/finalizaran-las-colonias-de-vacaciones-del-bo-punta-diamante\/","title":{"rendered":"Finalizar\u00e1n las Colonias de Vacaciones del B\u00ba Punta Diamante"},"content":{"rendered":"<p>Hoy\u00a0\u00a0con una excursi\u00f3n hacia Los Alisos o Reyes, m\u00e1s de medio centenar de ni\u00f1os de las Colonias de Vacaciones del Centro Vecinal Punta Diamante con la colaboraci\u00f3n de la Direcci\u00f3n de Deportes y Recreaci\u00f3n de la Municipalidad, pondr\u00e1n fin a las actividades recreativas y deportivas.<\/p>\n<p>Con las expectativas de haber cumplido con el objetivo de contener y brindar un espacio de esparcimiento y entretenimiento a los chicos del barrios, hoy\u00a0el Centro Vecinal de Punta Diamante de esta ciudad con la colaboraci\u00f3n de la Municipalidad de la Capital a trav\u00e9s de la Direcci\u00f3n de Deportes y Recreaci\u00f3n, pondr\u00e1 fin a la edici\u00f3n 2015 de las Colonias de Vacaciones efectuadas en el play\u00f3n deportivo del sector.<\/p>\n<p>Para el cierre de las actividades deportivas y recreativas, la coordinaci\u00f3n de las colonias de vacaciones a cargo del profesor Ariel Mart\u00edn y Alicia Quispe presidenta del Centro Vecinal, anunciaron que se ha previsto una excursi\u00f3n con los ni\u00f1os hacia la zona de Los Alisos o Villa Jard\u00edn de Reyes, para lo cual se tramitaba el traslado y se confirmaba el lugar.<\/p>\n<p>El profesor Ariel Mart\u00edn dijo que, \u201chemos tenido muchas actividades y lo vamos a terminar el viernes (ma\u00f1ana) con una excursi\u00f3n a Villa Jard\u00edn de Reyes o Los Alisos\u201d, por su parte el profesor Jorge Dom\u00ednguez manifest\u00f3 que, \u201cse cubrieron las expectativas, todos los chicos tuvieron actividades recreativas durante enero; hemos visto iniciaci\u00f3n deportiva en: voley, b\u00e1squet, f\u00fatbol, tenis y nataci\u00f3n en la pileta del Parque San Mart\u00edn\u201d<\/p>\n<p>\u201cLas colonias, se desarrollaron de lunes a viernes con numerosos chicos en el horario de 9 a 12, los chicos vinieron y se divirtieron\u201d, concluy\u00f3.<\/p>\n<p>En tanto Alicia Quispe presidenta del Centro Vecinal, formul\u00f3 su agradecimiento al profesor\u00a0 Jos\u00e9 Crespo de Deportes y Recreaci\u00f3n de la Municipalidad local, \u201cpor haber hecho realidad las colonias de vacaciones en Punta Diamante y que fueron bien acogidas por los ni\u00f1os del barrio\u201d.<\/p>\n<p>Tambi\u00e9n hizo extensivo su reconocimiento a la Direcci\u00f3n de Salud y Zoonosis,\u201d en la persona de la odont\u00f3loga Daniel Amerise\u00a0 que entreg\u00f3 pasta dental y cepillos de dientes a los ni\u00f1os tras una charla taller de prevenci\u00f3n buco-dental y se realiz\u00f3 para los j\u00f3venes del barrio corte de cabello gratis por alumnos del taller de peluquer\u00eda dictado por el especialista Atilio Fern\u00e1ndez.<\/p>\n<p>&nbsp;<\/p>\n","protected":false},"excerpt":{"rendered":"<p>Hoy\u00a0\u00a0con una excursi\u00f3n hacia Los Alisos o Reyes, m\u00e1s de medio centenar de ni\u00f1os de las Colonias de Vacaciones del Centro Vecinal Punta Diamante con la colaboraci\u00f3n de la Direcci\u00f3n de Deportes y Recreaci\u00f3n de la Municipalidad, pondr\u00e1n fin a las actividades recreativas y deportivas. Con las expectativas de haber cumplido con el objetivo de [&hellip;]<\/p>\n","protected":false},"author":1,"featured_media":14506,"comment_status":"open","ping_status":"open","sticky":false,"template":"","format":"standard","meta":{"_stopmodifiedupdate":false,"_modified_date":"","inline_featured_image":false,"spay_email":"","jetpack_publicize_message":""},"categories":[2],"tags":[],"jetpack_featured_media_url":"https:\/\/notinor.com\/jujuy\/wp-content\/uploads\/2015\/01\/colonia-de-vacaciones-campamento-2.jpg","jetpack_publicize_connections":[],"_links":{"self":[{"href":"https:\/\/notinor.com\/jujuy\/wp-json\/wp\/v2\/posts\/14505"}],"collection":[{"href":"https:\/\/notinor.com\/jujuy\/wp-json\/wp\/v2\/posts"}],"about":[{"href":"https:\/\/notinor.com\/jujuy\/wp-json\/wp\/v2\/types\/post"}],"author":[{"embeddable":true,"href":"https:\/\/notinor.com\/jujuy\/wp-json\/wp\/v2\/users\/1"}],"replies":[{"embeddable":true,"href":"https:\/\/notinor.com\/jujuy\/wp-json\/wp\/v2\/comments?post=14505"}],"version-history":[{"count":1,"href":"https:\/\/notinor.com\/jujuy\/wp-json\/wp\/v2\/posts\/14505\/revisions"}],"predecessor-version":[{"id":14507,"href":"https:\/\/notinor.com\/jujuy\/wp-json\/wp\/v2\/posts\/14505\/revisions\/14507"}],"wp:featuredmedia":[{"embeddable":true,"href":"https:\/\/notinor.com\/jujuy\/wp-json\/wp\/v2\/media\/14506"}],"wp:attachment":[{"href":"https:\/\/notinor.com\/jujuy\/wp-json\/wp\/v2\/media?parent=14505"}],"wp:term":[{"taxonomy":"category","embeddable":true,"href":"https:\/\/notinor.com\/jujuy\/wp-json\/wp\/v2\/categories?post=14505"},{"taxonomy":"post_tag","embeddable":true,"href":"https:\/\/notinor.com\/jujuy\/wp-json\/wp\/v2\/tags?post=14505"}],"curies":[{"name":"wp","href":"https:\/\/api.w.org\/{rel}","templated":true}]}}