{"id":14498,"date":"2015-01-29T23:10:01","date_gmt":"2015-01-30T02:10:01","guid":{"rendered":"http:\/\/notinor.com\/jujuy\/?p=14498"},"modified":"2015-01-30T07:21:17","modified_gmt":"2015-01-30T10:21:17","slug":"solicitan-mantener-impuesto-adicional-de-emergencia-al-7","status":"publish","type":"post","link":"https:\/\/notinor.com\/jujuy\/solicitan-mantener-impuesto-adicional-de-emergencia-al-7\/","title":{"rendered":"Tabaco: Solicitan mantener Impuesto Adicional de Emergencia al 7%"},"content":{"rendered":"<p class=\"ecxdefault\">PREOCUPACI\u00d3N EN EL SECTOR TABACALERO<\/p>\n<p class=\"ecxmsonormal\">La Federaci\u00f3n de Productores de Tabaco solicit\u00f3 al gobierno nacional que<span class=\"ecxapple-converted-space\">\u00a0<\/span><b>mantenga la al\u00edcuota del Impuesto Adicional de Emergencia en el 7%, para llevar alivio y previsibilidad al sector.<\/b><span class=\"ecxapple-converted-space\">\u00a0<\/span>Un incremento de la misma significar\u00eda un serio perjuicio para la producci\u00f3n agr\u00edcola del tabaco en Argentina, al generar una disminuci\u00f3n millonaria en los ingresos del Fondo Especial del Tabaco (FET).<\/p>\n<p class=\"ecxmsonormal\">Seg\u00fan refiere la misiva dirigida al Ministerio de Econom\u00eda, el FET significa \u201cuna ayuda invaluable para todas las provincias productoras de tabaco (Misiones, Corrientes, Chaco, Tucum\u00e1n, Catamarca, Salta y Jujuy) por cuanto es una actividad que tiene una importancia superlativa tanto en la generaci\u00f3n econ\u00f3mica y el desarrollo social de las comunidades, como as\u00ed tambi\u00e9n en la constituci\u00f3n del producto bruto geogr\u00e1fico de las Provincias Productoras.\u201d<\/p>\n<p class=\"ecxmsonormal\">En esta l\u00ednea Pedro Pascuttini, Presidente de la C\u00e1mara de Tabaco de Jujuy agrega<span class=\"ecxapple-converted-space\"><i>\u00a0<\/i><\/span>\u201cLos productores de las provincias tabacaleras estamos expectantes de que el gobierno nacional firme el decreto que mantiene el impuesto al 7%, tal como viene haciendo desde el a\u00f1o 2000.<span class=\"ecxapple-converted-space\">\u00a0<\/span>El cultivo de tabaco es un actor esencial para el desarrollo de las provincias del NOA y NEA, donde genera recursos, trabajo y moviliza las econom\u00edas regionales. El tabaco representa uno de los principales sectores agr\u00edcolas del pa\u00eds del cual dependen aproximadamente<span class=\"ecxapple-converted-space\">\u00a0<\/span>1.000.000<span class=\"ecxapple-converted-space\">\u00a0<\/span><span class=\"ecxmsocommentreference\">\u00a0<\/span>personas para su subsistencia.\u201d<\/p>\n<figure id=\"attachment_14499\" aria-describedby=\"caption-attachment-14499\" style=\"width: 1099px\" class=\"wp-caption alignnone\"><a href=\"http:\/\/notinor.com\/jujuy\/wp-content\/uploads\/2015\/01\/pascuttini.jpg\"><img decoding=\"async\" loading=\"lazy\" class=\"wp-image-14499 size-full\" src=\"http:\/\/notinor.com\/jujuy\/wp-content\/uploads\/2015\/01\/pascuttini.jpg\" alt=\"pascuttini\" width=\"1099\" height=\"618\" srcset=\"https:\/\/notinor.com\/jujuy\/wp-content\/uploads\/2015\/01\/pascuttini.jpg 1099w, https:\/\/notinor.com\/jujuy\/wp-content\/uploads\/2015\/01\/pascuttini-300x168.jpg 300w, https:\/\/notinor.com\/jujuy\/wp-content\/uploads\/2015\/01\/pascuttini-1024x575.jpg 1024w, https:\/\/notinor.com\/jujuy\/wp-content\/uploads\/2015\/01\/pascuttini-199x112.jpg 199w\" sizes=\"(max-width: 1099px) 100vw, 1099px\" \/><\/a><figcaption id=\"caption-attachment-14499\" class=\"wp-caption-text\">Dr, Pedro Pascuttini Pte. de La C\u00e1mara del Tabaco de Jujuy<\/figcaption><\/figure>\n<p class=\"ecxmsonormal\">Concluye Pascuttini<span class=\"ecxapple-converted-space\"><i>\u00a0<\/i><\/span>\u201cPor estas razones nos unimos en el pedido al Sr Ministro teniendo en consideraci\u00f3n que el tabaco<span class=\"ecxapple-converted-space\">\u00a0<\/span>es el principal demandante de mano de obra<span class=\"ecxapple-converted-space\">\u00a0<\/span>por unidad de superficie del sector agropecuario, con<span class=\"ecxapple-converted-space\">\u00a0<\/span>alrededor de<span class=\"ecxapple-converted-space\">\u00a0<\/span>120\u00a0 a 170 jornales por hect\u00e1rea<span class=\"ecxapple-converted-space\">\u00a0<\/span>seg\u00fan zonas supera de manera rotunda otros cultivos como<span class=\"ecxapple-converted-space\">\u00a0<\/span>la soja, el trigo o el ma\u00edz que necesitan 0,44 jornales por hect\u00e1reas\u201d.<\/p>\n<p class=\"ecxmsonormal\">En resumen, la producci\u00f3n tabacalera es parte de la econom\u00eda de subsistencia de tales provincias, por lo que de verse afectado tal impuesto, las consecuencias conllevar\u00edan a serios problemas econ\u00f3micos y sociales que podr\u00edan ir desde una merma en la plantilla de trabajadores, dificultades para el pago de salarios en tiempo y forma, menor desarrollo productivo, hasta una notable disminuci\u00f3n en la actividad econ\u00f3mica general de estas provincias.<\/p>\n<p class=\"ecxmsonormal\">El Impuesto Adicional de Emergencia se cre\u00f3 en el a\u00f1o 1996 bajo la ley 24.625, para financiar diferentes<span class=\"ecxapple-converted-space\">\u00a0<\/span>programas. Hace m\u00e1s de 14 a\u00f1os que el poder ejecutivo nacional emite un decreto todos los a\u00f1os para mantener la al\u00edcuota al 7%.<\/p>\n","protected":false},"excerpt":{"rendered":"<p>PREOCUPACI\u00d3N EN EL SECTOR TABACALERO La Federaci\u00f3n de Productores de Tabaco solicit\u00f3 al gobierno nacional que\u00a0mantenga la al\u00edcuota del Impuesto Adicional de Emergencia en el 7%, para llevar alivio y previsibilidad al sector.\u00a0Un incremento de la misma significar\u00eda un serio perjuicio para la producci\u00f3n agr\u00edcola del tabaco en Argentina, al generar una disminuci\u00f3n millonaria en [&hellip;]<\/p>\n","protected":false},"author":1,"featured_media":14499,"comment_status":"open","ping_status":"open","sticky":false,"template":"","format":"standard","meta":{"_stopmodifiedupdate":false,"_modified_date":"","inline_featured_image":false,"spay_email":"","jetpack_publicize_message":""},"categories":[485],"tags":[],"jetpack_featured_media_url":"https:\/\/notinor.com\/jujuy\/wp-content\/uploads\/2015\/01\/pascuttini.jpg","jetpack_publicize_connections":[],"_links":{"self":[{"href":"https:\/\/notinor.com\/jujuy\/wp-json\/wp\/v2\/posts\/14498"}],"collection":[{"href":"https:\/\/notinor.com\/jujuy\/wp-json\/wp\/v2\/posts"}],"about":[{"href":"https:\/\/notinor.com\/jujuy\/wp-json\/wp\/v2\/types\/post"}],"author":[{"embeddable":true,"href":"https:\/\/notinor.com\/jujuy\/wp-json\/wp\/v2\/users\/1"}],"replies":[{"embeddable":true,"href":"https:\/\/notinor.com\/jujuy\/wp-json\/wp\/v2\/comments?post=14498"}],"version-history":[{"count":2,"href":"https:\/\/notinor.com\/jujuy\/wp-json\/wp\/v2\/posts\/14498\/revisions"}],"predecessor-version":[{"id":14522,"href":"https:\/\/notinor.com\/jujuy\/wp-json\/wp\/v2\/posts\/14498\/revisions\/14522"}],"wp:featuredmedia":[{"embeddable":true,"href":"https:\/\/notinor.com\/jujuy\/wp-json\/wp\/v2\/media\/14499"}],"wp:attachment":[{"href":"https:\/\/notinor.com\/jujuy\/wp-json\/wp\/v2\/media?parent=14498"}],"wp:term":[{"taxonomy":"category","embeddable":true,"href":"https:\/\/notinor.com\/jujuy\/wp-json\/wp\/v2\/categories?post=14498"},{"taxonomy":"post_tag","embeddable":true,"href":"https:\/\/notinor.com\/jujuy\/wp-json\/wp\/v2\/tags?post=14498"}],"curies":[{"name":"wp","href":"https:\/\/api.w.org\/{rel}","templated":true}]}}