{"id":14483,"date":"2015-01-30T00:00:13","date_gmt":"2015-01-30T03:00:13","guid":{"rendered":"http:\/\/notinor.com\/jujuy\/?p=14483"},"modified":"2015-01-29T22:05:30","modified_gmt":"2015-01-30T01:05:30","slug":"industriales-afirmaron-que-en-2011-se-corto-el-ciclo-virtuoso-de-la-recuperacion-del-sector","status":"publish","type":"post","link":"https:\/\/notinor.com\/jujuy\/industriales-afirmaron-que-en-2011-se-corto-el-ciclo-virtuoso-de-la-recuperacion-del-sector\/","title":{"rendered":"Industriales afirmaron que en 2011 se cort\u00f3 el ciclo virtuoso de la recuperaci\u00f3n del sector"},"content":{"rendered":"<p>\"En el caso de la Argentina, entre 2002 y 2011, se experiment\u00f3 un proceso virtuoso de recuperaci\u00f3n industrial durante el cual el sector creci\u00f3 en torno del 90 por ciento y el incremento de la productividad lleg\u00f3 a casi el 40 por ciento\", destaca el estudio conjunto.<\/p>\n<p>El reporte se\u00f1ala que \"a pesar de los progresos realizados, el cambio estructural todav\u00eda sigue siendo un proceso inconcluso\".<\/p>\n<p>La investigaci\u00f3n realizada por el Centro de Estudios de la UIA (CEU) junto con la OIT consta de tres documentos que ampl\u00edan sobre la relaci\u00f3n entre empleo, desarrollo industria y entramado institucional.<\/p>\n<p>En uno de los documentos se se\u00f1ala que \"la desarticulaci\u00f3n productiva que transit\u00f3 Argentina en el pasado llev\u00f3 a debilitar tanto los encadenamientos productivos como la articulaci\u00f3n p\u00fablico-privada\".<\/p>\n<p>Un claro responsable de ese quiebre fue la pol\u00edtica econ\u00f3mica, en particular la cambiaria y de comercio exterior que se decidi\u00f3 implementar desde fines de octubre cuando se impuso el \"cepo cambiario\" y la exigencia de presentaciones de Declaraciones Juradas Anticipadas de Necesidades de Importaci\u00f3n (DJAI), porque fueron autorizadas de modo discrecional y acorde con las disponibilidades de divisas en el Banco Central, independientemente de si se trataba de bienes de consumo final, o de insumos y partes relevantes para el proceso productivo, aun de mercader\u00eda exportable.<\/p>\n","protected":false},"excerpt":{"rendered":"<p>\"En el caso de la Argentina, entre 2002 y 2011, se experiment\u00f3 un proceso virtuoso de recuperaci\u00f3n industrial durante el cual el sector creci\u00f3 en torno del 90 por ciento y el incremento de la productividad lleg\u00f3 a casi el 40 por ciento\", destaca el estudio conjunto. El reporte se\u00f1ala que \"a pesar de los [&hellip;]<\/p>\n","protected":false},"author":1,"featured_media":14484,"comment_status":"open","ping_status":"open","sticky":false,"template":"","format":"standard","meta":{"_stopmodifiedupdate":false,"_modified_date":"","inline_featured_image":false,"spay_email":"","jetpack_publicize_message":""},"categories":[5],"tags":[],"jetpack_featured_media_url":"https:\/\/notinor.com\/jujuy\/wp-content\/uploads\/2015\/01\/uia-2.jpg","jetpack_publicize_connections":[],"_links":{"self":[{"href":"https:\/\/notinor.com\/jujuy\/wp-json\/wp\/v2\/posts\/14483"}],"collection":[{"href":"https:\/\/notinor.com\/jujuy\/wp-json\/wp\/v2\/posts"}],"about":[{"href":"https:\/\/notinor.com\/jujuy\/wp-json\/wp\/v2\/types\/post"}],"author":[{"embeddable":true,"href":"https:\/\/notinor.com\/jujuy\/wp-json\/wp\/v2\/users\/1"}],"replies":[{"embeddable":true,"href":"https:\/\/notinor.com\/jujuy\/wp-json\/wp\/v2\/comments?post=14483"}],"version-history":[{"count":1,"href":"https:\/\/notinor.com\/jujuy\/wp-json\/wp\/v2\/posts\/14483\/revisions"}],"predecessor-version":[{"id":14485,"href":"https:\/\/notinor.com\/jujuy\/wp-json\/wp\/v2\/posts\/14483\/revisions\/14485"}],"wp:featuredmedia":[{"embeddable":true,"href":"https:\/\/notinor.com\/jujuy\/wp-json\/wp\/v2\/media\/14484"}],"wp:attachment":[{"href":"https:\/\/notinor.com\/jujuy\/wp-json\/wp\/v2\/media?parent=14483"}],"wp:term":[{"taxonomy":"category","embeddable":true,"href":"https:\/\/notinor.com\/jujuy\/wp-json\/wp\/v2\/categories?post=14483"},{"taxonomy":"post_tag","embeddable":true,"href":"https:\/\/notinor.com\/jujuy\/wp-json\/wp\/v2\/tags?post=14483"}],"curies":[{"name":"wp","href":"https:\/\/api.w.org\/{rel}","templated":true}]}}