{"id":14453,"date":"2015-01-29T18:48:25","date_gmt":"2015-01-29T21:48:25","guid":{"rendered":"http:\/\/notinor.com\/jujuy\/?p=14453"},"modified":"2015-01-29T18:48:25","modified_gmt":"2015-01-29T21:48:25","slug":"rechazan-la-postulacion-de-carles-es-el-nuevo-reposo","status":"publish","type":"post","link":"https:\/\/notinor.com\/jujuy\/rechazan-la-postulacion-de-carles-es-el-nuevo-reposo\/","title":{"rendered":"Rechazan la postulaci\u00f3n de Carl\u00e9s: \"Es el nuevo Reposo\""},"content":{"rendered":"<p>Dirigentes opositores compararon el pliego de Roberto Manuel Carl\u00e9s, candidato oficialista a ocupar un lugar en la Corte Suprema de Justicia, con el de Daniel Reposo, el hombre impulsado por la presidenta Cristina Fern\u00e1ndez de Kirchner para ser procurador general de la Naci\u00f3n que justific\u00f3 inventos en sus antecedentes profesionales alegando que se deb\u00edan a \u201cerrores de tipeo\u201d.<\/p>\n<p>\"Es el pliego de un juez militante para el m\u00e1ximo tribunal del pa\u00eds\", analiz\u00f3 el precandidato presidencial Ernesto Sanz e insisti\u00f3 con que \"el gobierno busca impunidad\" a trav\u00e9s de la Justicia con esta designaci\u00f3n. El l\u00edder del radicalismo sostuvo que \u201cesto puede ser un nuevo caso Reposo\u201d.<\/p>\n<p>En declaraciones a Radio Mitre, Sanz record\u00f3 que hace meses \u2013cuando se conoci\u00f3 la renuncia de Eugenio Ra\u00fal Zaffaroni a la Corte Suprema\u2013 que el compromiso de los legisladores opositores estaba en buscar un candidato \u201cautomonista\u201d. Por eso, \u201csi la promesa se cumple, el oficialismo no podr\u00eda nombrar a Carl\u00e9s porque necesita los dos tercios en ambas c\u00e1maras\u201d.<\/p>\n<p>Asimismo, el senador aclar\u00f3 que \"este no es un problema de nombres\" sino que \"es un problema de concepci\u00f3n porque la concepci\u00f3n que este gobierno tiene de la justicia es de justicia dependiente\".<br \/>\n\"El gobierno est\u00e1 mostrando su peor cara, quiere una Corte dependiente y militante\", remarc\u00f3 Sanz, quien advirti\u00f3 que desde la oposici\u00f3n no le dar\u00e1n al oficialismo \"un espacio para encontrar la impunidad que est\u00e1 queriendo\".<\/p>\n<p>El l\u00edder del Frente Renovador Sergio Massa se manifest\u00f3 en el mismo sentido. El tigrense consider\u00f3 que la postulaci\u00f3n de Carl\u00e9s \u201ces una bomba de humo para distraer la atenci\u00f3n\u201d del caso Nisman. \u201cNo tengo ninguna duda de que esta designaci\u00f3n no sale, porque no contar\u00e1 con el respaldo en el Congreso de la Naci\u00f3n\u201d, asever\u00f3 el presidenciable.<\/p>\n<p>\"La Argentina que demanda la sociedad es la argentina con una justicia independiente y el primer gesto que aparece es la designaci\u00f3n de un juez militante\", se quej\u00f3 el dirigente tras recalcar que el reclamo por la \"independencia judicial\" se profundiz\u00f3 tras la muerte del fiscal Alberto Nisman.<\/p>\n<p>M\u00e1s a\u00fan, Massa vincul\u00f3 la designaci\u00f3n de Carl\u00e9s con la propuesta de crear una Agencia Federal de Investigaci\u00f3n. \u201cSon elementos distracticos que nos quitan el foco de lo importante que es: buscar y condenar a los responsables de ambos delitos\", en referencia a la muerte de Nisman y a la causa AMIA.<\/p>\n<p>\"Si hoy tuvi\u00e9ramos que avanzar en la designaci\u00f3n de un juez, le pedir\u00eda a la Uni\u00f3n C\u00edvica Radical que haga una propuesta de un nombre para mostrara una apertura, di\u00e1logo, consensos, mostrar que estamos dispuestos a, entre todos y pluralmente, construir una justicia distinta, vinculada no a las fracciones pol\u00edticas sino a la demanda de la sociedad\", agreg\u00f3.<\/p>\n<p>Massa y Sanz se sumaron as\u00ed a otros dirigentes opositores que rechazaron la designaci\u00f3n de Carl\u00e9s. Desde el PRO de Mauricio Macri, la diputada Laura Alonso sostuvo que la propuesta \u201ces impasable en el senado\u201d porque \u201ces un candidato militante y chavista\u201d. Y lanz\u00f3: \"Es otra chapucer\u00eda K, no van a lograr tapar la denuncia y la muerte de (el fiscal Alberto) Nisman con nada\".<\/p>\n<p>El radical Gerardo Morales calific\u00f3 a Carl\u00e9s como \"sin experiencia y con militancia activa en La C\u00e1mpora\u201d, por eso fustig\u00f3: \u201cCristina ofende y agravia con la propuesta\".\u200b<\/p>\n","protected":false},"excerpt":{"rendered":"<p>Dirigentes opositores compararon el pliego de Roberto Manuel Carl\u00e9s, candidato oficialista a ocupar un lugar en la Corte Suprema de Justicia, con el de Daniel Reposo, el hombre impulsado por la presidenta Cristina Fern\u00e1ndez de Kirchner para ser procurador general de la Naci\u00f3n que justific\u00f3 inventos en sus antecedentes profesionales alegando que se deb\u00edan a [&hellip;]<\/p>\n","protected":false},"author":1,"featured_media":14454,"comment_status":"open","ping_status":"open","sticky":false,"template":"","format":"standard","meta":{"_stopmodifiedupdate":false,"_modified_date":"","inline_featured_image":false,"spay_email":"","jetpack_publicize_message":""},"categories":[5],"tags":[],"jetpack_featured_media_url":"https:\/\/notinor.com\/jujuy\/wp-content\/uploads\/2015\/01\/massa-carles.jpg","jetpack_publicize_connections":[],"_links":{"self":[{"href":"https:\/\/notinor.com\/jujuy\/wp-json\/wp\/v2\/posts\/14453"}],"collection":[{"href":"https:\/\/notinor.com\/jujuy\/wp-json\/wp\/v2\/posts"}],"about":[{"href":"https:\/\/notinor.com\/jujuy\/wp-json\/wp\/v2\/types\/post"}],"author":[{"embeddable":true,"href":"https:\/\/notinor.com\/jujuy\/wp-json\/wp\/v2\/users\/1"}],"replies":[{"embeddable":true,"href":"https:\/\/notinor.com\/jujuy\/wp-json\/wp\/v2\/comments?post=14453"}],"version-history":[{"count":1,"href":"https:\/\/notinor.com\/jujuy\/wp-json\/wp\/v2\/posts\/14453\/revisions"}],"predecessor-version":[{"id":14455,"href":"https:\/\/notinor.com\/jujuy\/wp-json\/wp\/v2\/posts\/14453\/revisions\/14455"}],"wp:featuredmedia":[{"embeddable":true,"href":"https:\/\/notinor.com\/jujuy\/wp-json\/wp\/v2\/media\/14454"}],"wp:attachment":[{"href":"https:\/\/notinor.com\/jujuy\/wp-json\/wp\/v2\/media?parent=14453"}],"wp:term":[{"taxonomy":"category","embeddable":true,"href":"https:\/\/notinor.com\/jujuy\/wp-json\/wp\/v2\/categories?post=14453"},{"taxonomy":"post_tag","embeddable":true,"href":"https:\/\/notinor.com\/jujuy\/wp-json\/wp\/v2\/tags?post=14453"}],"curies":[{"name":"wp","href":"https:\/\/api.w.org\/{rel}","templated":true}]}}