{"id":14447,"date":"2015-01-29T13:47:52","date_gmt":"2015-01-29T16:47:52","guid":{"rendered":"http:\/\/notinor.com\/jujuy\/?p=14447"},"modified":"2015-01-29T18:18:11","modified_gmt":"2015-01-29T21:18:11","slug":"german-vouilloud-el-nuevo-arquero-de-gimnasia-de-jujuy","status":"publish","type":"post","link":"https:\/\/notinor.com\/jujuy\/german-vouilloud-el-nuevo-arquero-de-gimnasia-de-jujuy\/","title":{"rendered":"Germ\u00e1n Vouilloud el nuevo arquero de gimnasia de jujuy"},"content":{"rendered":"<p>La dirigencia de Gimnasia, anuncio la llegada del quinto refuerzo, se trata del arquero Germ\u00e1n Vouilloud de \u00faltimo paso por Colegiales.<\/p>\n<p>El v\u00ednculo del arquero ser\u00e1 por un a\u00f1o y llega en condici\u00f3n libre<\/p>\n<p>El flamante refuerzo arrib\u00f3 en la noche de ayer a la Provincia de Jujuy y en la jornada de hoy ya se unir\u00e1 a los trabajos de pretemporada y se pondr\u00e1 bajo las \u00f3rdenes del cuerpo t\u00e9cnico \u201cAlbiceleste\u201d.<\/p>\n<p>La \u00faltima instituci\u00f3n fue en el 2014 donde jug\u00f3 en Colegiales, ataj\u00f3 en 14 oportunidades y tras rescindir su contrato llega al \u201cLobo\u201d.<\/p>\n<p>&nbsp;<\/p>\n","protected":false},"excerpt":{"rendered":"<p>La dirigencia de Gimnasia, anuncio la llegada del quinto refuerzo, se trata del arquero Germ\u00e1n Vouilloud de \u00faltimo paso por Colegiales. El v\u00ednculo del arquero ser\u00e1 por un a\u00f1o y llega en condici\u00f3n libre El flamante refuerzo arrib\u00f3 en la noche de ayer a la Provincia de Jujuy y en la jornada de hoy ya [&hellip;]<\/p>\n","protected":false},"author":1,"featured_media":14448,"comment_status":"open","ping_status":"open","sticky":false,"template":"","format":"standard","meta":{"_stopmodifiedupdate":false,"_modified_date":"","inline_featured_image":false,"spay_email":"","jetpack_publicize_message":""},"categories":[7],"tags":[],"jetpack_featured_media_url":"https:\/\/notinor.com\/jujuy\/wp-content\/uploads\/2015\/01\/lobo2.jpg","jetpack_publicize_connections":[],"_links":{"self":[{"href":"https:\/\/notinor.com\/jujuy\/wp-json\/wp\/v2\/posts\/14447"}],"collection":[{"href":"https:\/\/notinor.com\/jujuy\/wp-json\/wp\/v2\/posts"}],"about":[{"href":"https:\/\/notinor.com\/jujuy\/wp-json\/wp\/v2\/types\/post"}],"author":[{"embeddable":true,"href":"https:\/\/notinor.com\/jujuy\/wp-json\/wp\/v2\/users\/1"}],"replies":[{"embeddable":true,"href":"https:\/\/notinor.com\/jujuy\/wp-json\/wp\/v2\/comments?post=14447"}],"version-history":[{"count":1,"href":"https:\/\/notinor.com\/jujuy\/wp-json\/wp\/v2\/posts\/14447\/revisions"}],"predecessor-version":[{"id":14449,"href":"https:\/\/notinor.com\/jujuy\/wp-json\/wp\/v2\/posts\/14447\/revisions\/14449"}],"wp:featuredmedia":[{"embeddable":true,"href":"https:\/\/notinor.com\/jujuy\/wp-json\/wp\/v2\/media\/14448"}],"wp:attachment":[{"href":"https:\/\/notinor.com\/jujuy\/wp-json\/wp\/v2\/media?parent=14447"}],"wp:term":[{"taxonomy":"category","embeddable":true,"href":"https:\/\/notinor.com\/jujuy\/wp-json\/wp\/v2\/categories?post=14447"},{"taxonomy":"post_tag","embeddable":true,"href":"https:\/\/notinor.com\/jujuy\/wp-json\/wp\/v2\/tags?post=14447"}],"curies":[{"name":"wp","href":"https:\/\/api.w.org\/{rel}","templated":true}]}}