{"id":14441,"date":"2015-01-29T13:27:33","date_gmt":"2015-01-29T16:27:33","guid":{"rendered":"http:\/\/notinor.com\/jujuy\/?p=14441"},"modified":"2015-01-29T13:27:33","modified_gmt":"2015-01-29T16:27:33","slug":"la-casa-rosada-desmintio-a-la-fiscal-fein-en-twitter","status":"publish","type":"post","link":"https:\/\/notinor.com\/jujuy\/la-casa-rosada-desmintio-a-la-fiscal-fein-en-twitter\/","title":{"rendered":"La Casa Rosada desminti\u00f3 a la fiscal Fein en Twitter"},"content":{"rendered":"<p>Unos minutos despu\u00e9s de que la fiscal Viviana Fein desmintiera que Alberto Nisman hubiera regresado de sus vacaciones antes de tiempo, la Casa Rosada, a trav\u00e9s de su cuenta oficial de Twitter, cuestion\u00f3 sus dichos y revel\u00f3 un supuesto mensaje en el que Nisman explicaba que interrump\u00eda su viaje y \u00e9l mismo hab\u00eda enviado a sus allegados.<\/p>\n<p>twitter de la casa rosada:<\/p>\n<div class=\"header\">\n<div class=\"h-card p-author with-verification\" data-scribe=\"component:author\"><a class=\"u-url profile\" href=\"https:\/\/twitter.com\/CasaRosadaAR\" data-scribe=\"element:user_link\"><span class=\"full-name\"><span class=\"p-name customisable-highlight\" data-scribe=\"element:name\">Casa Rosada<\/span>\u00a0\u00a0\u00a0\u00a0\u00a0\u00a0\u00a0\u00a0<span class=\"verified\" title=\"Cuenta verificada\" data-scribe=\"element:verified_badge\"><b>\u2714<\/b><\/span> <\/span><span class=\"p-nickname\" dir=\"ltr\" data-scribe=\"element:screen_name\">@<b>CasaRosadaAR<\/b><\/span><\/a><\/div>\n<p><a class=\"follow-button profile\" title=\"Seguir a  Casa Rosada en Twitter\" href=\"https:\/\/twitter.com\/CasaRosadaAR\" data-scribe=\"component:followbutton\"><i class=\"ic-button-bird\"><\/i>Seguir<\/a><\/div>\n<div class=\"content e-entry-content\" data-scribe=\"component:tweet\">\n<p class=\"e-entry-title\">Nisman por whatsapp: \"Deb\u00ed suspender intempestivamente mi viaje\". Le creemos a Nisman o a la fiscal Fein?<\/p>\n<\/div>\n","protected":false},"excerpt":{"rendered":"<p>Unos minutos despu\u00e9s de que la fiscal Viviana Fein desmintiera que Alberto Nisman hubiera regresado de sus vacaciones antes de tiempo, la Casa Rosada, a trav\u00e9s de su cuenta oficial de Twitter, cuestion\u00f3 sus dichos y revel\u00f3 un supuesto mensaje en el que Nisman explicaba que interrump\u00eda su viaje y \u00e9l mismo hab\u00eda enviado a [&hellip;]<\/p>\n","protected":false},"author":1,"featured_media":14442,"comment_status":"open","ping_status":"open","sticky":false,"template":"","format":"standard","meta":{"_stopmodifiedupdate":false,"_modified_date":"","inline_featured_image":false,"spay_email":"","jetpack_publicize_message":""},"categories":[16],"tags":[],"jetpack_featured_media_url":"https:\/\/notinor.com\/jujuy\/wp-content\/uploads\/2015\/01\/twitter.jpg","jetpack_publicize_connections":[],"_links":{"self":[{"href":"https:\/\/notinor.com\/jujuy\/wp-json\/wp\/v2\/posts\/14441"}],"collection":[{"href":"https:\/\/notinor.com\/jujuy\/wp-json\/wp\/v2\/posts"}],"about":[{"href":"https:\/\/notinor.com\/jujuy\/wp-json\/wp\/v2\/types\/post"}],"author":[{"embeddable":true,"href":"https:\/\/notinor.com\/jujuy\/wp-json\/wp\/v2\/users\/1"}],"replies":[{"embeddable":true,"href":"https:\/\/notinor.com\/jujuy\/wp-json\/wp\/v2\/comments?post=14441"}],"version-history":[{"count":1,"href":"https:\/\/notinor.com\/jujuy\/wp-json\/wp\/v2\/posts\/14441\/revisions"}],"predecessor-version":[{"id":14443,"href":"https:\/\/notinor.com\/jujuy\/wp-json\/wp\/v2\/posts\/14441\/revisions\/14443"}],"wp:featuredmedia":[{"embeddable":true,"href":"https:\/\/notinor.com\/jujuy\/wp-json\/wp\/v2\/media\/14442"}],"wp:attachment":[{"href":"https:\/\/notinor.com\/jujuy\/wp-json\/wp\/v2\/media?parent=14441"}],"wp:term":[{"taxonomy":"category","embeddable":true,"href":"https:\/\/notinor.com\/jujuy\/wp-json\/wp\/v2\/categories?post=14441"},{"taxonomy":"post_tag","embeddable":true,"href":"https:\/\/notinor.com\/jujuy\/wp-json\/wp\/v2\/tags?post=14441"}],"curies":[{"name":"wp","href":"https:\/\/api.w.org\/{rel}","templated":true}]}}