{"id":14373,"date":"2015-01-29T00:03:14","date_gmt":"2015-01-29T03:03:14","guid":{"rendered":"http:\/\/notinor.com\/jujuy\/?p=14373"},"modified":"2015-01-28T23:42:52","modified_gmt":"2015-01-29T02:42:52","slug":"suma-rechazos-la-transferencia-de-las-escuchas-telefonicas-a-manos-de-gils-carbo","status":"publish","type":"post","link":"https:\/\/notinor.com\/jujuy\/suma-rechazos-la-transferencia-de-las-escuchas-telefonicas-a-manos-de-gils-carbo\/","title":{"rendered":"Suma rechazos la transferencia de las escuchas telef\u00f3nicas a manos de Gils Carb\u00f3"},"content":{"rendered":"<p>Mientras se debate entre hip\u00f3tesis y reparte acusaciones y sospechas, el Gobierno reaccion\u00f3 a la muerte de Alberto Nisman con una propuesta para reformar los servicios de inteligencia, por estos d\u00edas centro de atenci\u00f3n por su accionar en la causa AMIA. Cristina Kirchner lo hizo saber el lunes por cadena nacional, cuando adelant\u00f3 que en los pr\u00f3ximos d\u00edas enviar\u00e1 un proyecto de ley al Congreso.<\/p>\n<p>Entre las modificaciones que mencion\u00f3 la Presidente, una de las que m\u00e1s resistencias ha despertado hasta el momento es la de transferir \"la totalidad del sistema judicial de escuchas al Ministerio P\u00fablico Fiscal, ya que es el \u00fanico ministerio extrapoder\", seg\u00fan sus palabras. La oposici\u00f3n no tard\u00f3 en reprobar la medida observando la parcialidad que ha demostrado la procuradora general, Alejandra Gils Carb\u00f3; a esa cr\u00edtica, expertos en derecho a\u00f1adieron ahora que significar\u00eda incompatibilidades en las tareas asignadas a los fiscales.<\/p>\n<p>Sobre este punto, el abogado Gabriel Iezzi remarc\u00f3 la importancia de \"garantizar transparencia en materio de lo que es escucha judicial\" y por eso rechaz\u00f3 la posibilidad de que ese sistema est\u00e9 en manos de la Procuraci\u00f3n General.<\/p>\n<p>\"Desde el punto de vista procesal, surgir\u00edan cuestionamientos porque el fiscal no tiene la misma posici\u00f3n que la defensa\", explic\u00f3. En ese sentido, apunt\u00f3 que, a trav\u00e9s de la Procuraci\u00f3n, la fiscal\u00eda \"estar\u00eda conociendo los resultados de las escuchas sin poder la defensa controlarlo en tiempo y forma\".<\/p>\n<p>En di\u00e1logo con Infobae, Iezzi observ\u00f3, adem\u00e1s, que \"podr\u00edamos presumir qu\u00e9 pasar\u00eda si alguien capta en una escucha algo que no conviene\".<\/p>\n<p>Por esos motivos, el especialista se mostr\u00f3 a favor de que las escuchas queden bajo el control de la Corte Suprema, posiblemente con la creaci\u00f3n de una oficina especial. \"Saludable ser\u00eda que esto lo haga la Corte Suprema y les d\u00e9 intervenci\u00f3n a los jueces de garant\u00eda\", dijo.<br \/>\nLa misma posici\u00f3n expres\u00f3 el ex presidente del Colegio de Abogados de la Capital Federal, Jorge Rizzo. En declaraciones a este medio, destac\u00f3 la reformulaci\u00f3n y democratizaci\u00f3n de la Secretar\u00eda de Iinteligencia, pero advirti\u00f3 que \"la OJOTA (sistema de observaciones judiciales) debe quedar en cabeza de la Corte Suprema de Justicia\".<\/p>\n<p>\"Si el Gobierno atiende este reclamo de que pasen a depender de la Corte Suprema de Justicia y entiende las razones, ser\u00e1 una intenci\u00f3n loable. Si prefiere que pasen a la \u00f3rbita de la Procuraci\u00f3n General, ser\u00e1 otro capricho del Gobierno que seguir\u00e1 buscando mantener el monopolio de todo lo que tiene que ver con la intercepci\u00f3n de comunicaciones\", dijo.<\/p>\n<p>Rizzo indic\u00f3 que a los jueces \"les corresponde velar por que se respeten las garant\u00edas constitucionales de las personas que van a ser escuchadas\". Y remarc\u00f3 que por otro lado, el control de la Corte sobre ese material servir\u00eda para certificar que, \"cuando las escuchas no sean utilizadas, no sean almacenadas en bancos de datos que no sabemos d\u00f3nde est\u00e1n ni para qu\u00e9 se usan y sean efectivamente destruidas, como corresponden\".<br \/>\nOtro especialista que expres\u00f3 reparos sobre esta iniciativa fue Guillermo Montenegro, quien se desempe\u00f1ara como fiscal y juez antes de asumir el Ministerio de Justicia y Seguridad de la Ciudad. \"No tengo ninguna duda de que Gils Carb\u00f3 va a tener intervenci\u00f3n en las escuchas judiciales\", indic\u00f3 el funcionario en una entrevista con la radio La Once Diez.<\/p>\n<p>Otro de los puntos cuestionados del proyecto de ley es al per\u00edodo de mandato que tendr\u00e1n los jefes de la nueva Agencia de Inteligencia. El proyecto prev\u00e9 que el oficialismo designar\u00e1 con acuerdo del Senado al director y al subdirector de la nueva Agencia, quienes tendr\u00e1n un per\u00edodo de cuatro a\u00f1os. Para la oposici\u00f3n, el objetivo es \"condicionar al pr\u00f3ximo gobierno\".<\/p>\n<p>Al respecto, el abogado Carlos Alberto Beraldi opin\u00f3 que \"la permanencia de un director en un \u00e1rea de estas caracter\u00edsticas tiene que tener un t\u00e9rmino m\u00ednimo y razonable para que los planes que se tienen que ejecutar se lleven a la pr\u00e1ctica\".<\/p>\n<p>Sin embargo, el profesor de derecho penal y procesal penal advirti\u00f3 sobre el momento electoral en que se pretende realizar la reforma de la ex SIDE. \"Es cierto que estamos ante un per\u00edodo de cambio de gobierno, por lo que esta cuesti\u00f3n tiene que ser analizada con seriedad\".<\/p>\n<p>\"Un jefe tiene que estar un tiempo necesario en su cargo, pero si se va a designar un primer director y este va a sobrepasar los t\u00e9rminos del gobierno actual, la designaci\u00f3n deber\u00eda hacerse por consenso pol\u00edtico con las dem\u00e1s fuerzas para que sea un inicio positivo y no que desde el comienzo tengamos problemas\", enfatiz\u00f3.<\/p>\n<p>M\u00e1s all\u00e1 de las bander\u00edas partidarias, Beraldi advirti\u00f3 que \"si no se hace de esta manera, se corre riesgo de que las mejoras propuestas se terminen frustrando\".<\/p>\n","protected":false},"excerpt":{"rendered":"<p>Mientras se debate entre hip\u00f3tesis y reparte acusaciones y sospechas, el Gobierno reaccion\u00f3 a la muerte de Alberto Nisman con una propuesta para reformar los servicios de inteligencia, por estos d\u00edas centro de atenci\u00f3n por su accionar en la causa AMIA. Cristina Kirchner lo hizo saber el lunes por cadena nacional, cuando adelant\u00f3 que en [&hellip;]<\/p>\n","protected":false},"author":1,"featured_media":14375,"comment_status":"open","ping_status":"open","sticky":false,"template":"","format":"standard","meta":{"_stopmodifiedupdate":false,"_modified_date":"","inline_featured_image":false,"spay_email":"","jetpack_publicize_message":""},"categories":[5],"tags":[],"jetpack_featured_media_url":"https:\/\/notinor.com\/jujuy\/wp-content\/uploads\/2015\/01\/gils-carbo-3.jpg","jetpack_publicize_connections":[],"_links":{"self":[{"href":"https:\/\/notinor.com\/jujuy\/wp-json\/wp\/v2\/posts\/14373"}],"collection":[{"href":"https:\/\/notinor.com\/jujuy\/wp-json\/wp\/v2\/posts"}],"about":[{"href":"https:\/\/notinor.com\/jujuy\/wp-json\/wp\/v2\/types\/post"}],"author":[{"embeddable":true,"href":"https:\/\/notinor.com\/jujuy\/wp-json\/wp\/v2\/users\/1"}],"replies":[{"embeddable":true,"href":"https:\/\/notinor.com\/jujuy\/wp-json\/wp\/v2\/comments?post=14373"}],"version-history":[{"count":1,"href":"https:\/\/notinor.com\/jujuy\/wp-json\/wp\/v2\/posts\/14373\/revisions"}],"predecessor-version":[{"id":14376,"href":"https:\/\/notinor.com\/jujuy\/wp-json\/wp\/v2\/posts\/14373\/revisions\/14376"}],"wp:featuredmedia":[{"embeddable":true,"href":"https:\/\/notinor.com\/jujuy\/wp-json\/wp\/v2\/media\/14375"}],"wp:attachment":[{"href":"https:\/\/notinor.com\/jujuy\/wp-json\/wp\/v2\/media?parent=14373"}],"wp:term":[{"taxonomy":"category","embeddable":true,"href":"https:\/\/notinor.com\/jujuy\/wp-json\/wp\/v2\/categories?post=14373"},{"taxonomy":"post_tag","embeddable":true,"href":"https:\/\/notinor.com\/jujuy\/wp-json\/wp\/v2\/tags?post=14373"}],"curies":[{"name":"wp","href":"https:\/\/api.w.org\/{rel}","templated":true}]}}